{"id":9856,"date":"2010-04-09T19:22:37","date_gmt":"2010-04-09T19:22:37","guid":{"rendered":"http:\/\/opatriota.org\/?p=9856"},"modified":"2022-02-15T03:26:28","modified_gmt":"2022-02-15T03:26:28","slug":"9856","status":"publish","type":"post","link":"https:\/\/antonini.com.br\/?p=9856","title":{"rendered":"O Rio conta suas v\u00edtimas"},"content":{"rendered":"<p><!-- \t\t@page { margin: 2cm } \t\tP { margin-bottom: 0.21cm } --><!--more--><\/p>\n<p style=\"text-align: justify;\">No \u2013 153 &#8211; COLUNA DO SARDINHA<\/p>\n<p style=\"text-align: justify;\">Passava das 18 horas de segunda-feira (5\/4), quando o carioca foi pego por uma das maiores precipita\u00e7\u00f5es pluviom\u00e9tricas que se tem not\u00edcia.<\/p>\n<p style=\"text-align: justify;\">Justamente no hor\u00e1rio de pico, onde boa parte dos trabalhadores dirigia-se para suas casas ap\u00f3s um dia trabalhado, o caos instalou-se, com a \u00e1gua tomando conta de tudo, impedindo a circula\u00e7\u00e3o de autom\u00f3veis, \u00f4nibus trens e barcas deixando mais de milh\u00e3o de pessoas sem condu\u00e7\u00e3o e sem not\u00edcias sobre as \u00e1reas afetadas pelo deslizamento das encostas dos morros.<\/p>\n<p style=\"text-align: justify;\">Os que aventuraram-se enfrentar a f\u00faria das \u00e1guas foram obrigados a desistir, muitos permanecendo pr\u00f3ximos ao local de trabalho, esperando o dia clarear para retomar o seu posto.<\/p>\n<p style=\"text-align: justify;\">Jos\u00e9 Luiz Vindigati, auxiliar administrativo, um desses milhares de her\u00f3is urbanos, assim falou: \u201cresolvi enfrentar as \u00e1guas, mas o medo de cair num bueiro sem tampa, foi maior. Vamos ficar por aqui mesmo&#8230; se o patr\u00e3o dispensar&#8230; hoje de dia eu durmo&#8230; se minha casa, n\u00e3o tiver sido arrastada pela lama&#8230;\u201d<\/p>\n<p style=\"text-align: justify;\">Morador do bairro do Fonseca em Niter\u00f3i, Jos\u00e9 Carlos tinha l\u00e1 suas raz\u00f5es.<\/p>\n<p style=\"text-align: justify;\">Hist\u00f3ria parecida era relatada por boa parte dos que se protegiam em marquises de pr\u00e9dios da f\u00faria das chuvas que insistiam em cair.<\/p>\n<p style=\"text-align: justify;\">METEREOLOGIA<\/p>\n<p style=\"text-align: justify;\">O que a maioria n\u00e3o entendia, eram as raz\u00f5es do porqu\u00ea n\u00e3o terem sido avisados da possibilidade de chuvas violentas, como as que ca\u00edram na segunda-feira e que causaram tanto estrago, deixando um rastro de mais de cento e dez mortos e mais de mil quinhentos desabrigados.<\/p>\n<p style=\"text-align: justify;\">Um t\u00e9cnico do INPE asseverou \u201cter havido uma falha imperdo\u00e1vel no acompanhamento das mudan\u00e7as clim\u00e1ticas, pois a frente fria, que causou a precipita\u00e7\u00e3o anormal no Rio de Janeiro, veio do sul, aqui encontrando-se com a massa de ar quente. E isso levou tempo. N\u00e3o \u00e9 poss\u00edvel que os respons\u00e1veis pela leitura da carta do tempo n\u00e3o tenham detectado o fen\u00f4meno que se aproximava. Fica mais dif\u00edcil de entender, se notarmos que na ter\u00e7a-feira o presidente Lula estaria no Rio para inaugura\u00e7\u00e3o de obras no morro de S\u00e3o Carlos e o Pal\u00e1cio do Planalto deveria prever a ocorr\u00eancia de problemas clim\u00e1ticos no Rio.\u201d<\/p>\n<p style=\"text-align: justify;\">DESENCONTROS<\/p>\n<p style=\"text-align: justify;\">O presidente Lula na manh\u00e3 de ter\u00e7a-feira apressou-se em afirmar, que a Copa do Mundo de 2.014 n\u00e3o seria prejudicada com as ocorr\u00eancias do Rio. O motorista de t\u00e1xi La\u00e9rcio de Souza, empacado dentro d\u2019\u00e1gua em seu Astra que pifara, foi enf\u00e1tico: \u201cdizer isso, n\u00e3o traz al\u00edvio nenhum, pois al\u00e9m de estar t\u00e3o longe a Copa, n\u00e3o resolve o problema do hoje e do agora. A Defesa Civil, o governo deveria ter alertado a todos do perigo&#8230;, eu mesmo teria ficado em casa&#8230;\u201d<\/p>\n<p style=\"text-align: justify;\">O Presidente Lula incorreu ainda em outro equ\u00edvoco ao instar que os moradores de \u00e1reas de risco abandonassem suas casas. Tal afirmativa, tomada em um s\u00f3 contexto, contrariava o que diziam o prefeito Paes e o governador Cabral, que at\u00e9 imploravam aos moradores que permanecessem em casa, havendo uma \u00f3bvia falta de comunica\u00e7\u00e3o entre as esferas de poder, o que poderia levar a popula\u00e7\u00e3o \u00e0 tomada de atitudes at\u00e9 perigosas se tomadas de supet\u00e3o. O presidente Lula extrapolou de suas fun\u00e7\u00f5es em suas declara\u00e7\u00f5es, cabendo ao governador e ao prefeito orientar os cidad\u00e3os sobre o que seria melhor para o Estado e cidade que governam.<\/p>\n<p style=\"text-align: justify;\">ENCONTROS<\/p>\n<p style=\"text-align: justify;\">Tanto Lula, como Cabral e Paes em perfeita sintonia descobriram um culpado pelos deslizamentos das encostas que vitimaram mais de uma centena de moradores em todo o Estado: o povo. Que na fala deles constr\u00f3i em \u00e1reas de risco.<\/p>\n<p style=\"text-align: justify;\">Podem at\u00e9 ter raz\u00e3o, no entanto quem tem o poder de legislar e acima de tudo regulamentar, coibir e fiscalizar a constru\u00e7\u00e3o em encostas e \u00e1reas sujeitas a deslizamento e por qu\u00ea n\u00e3o enchentes, \u00e9 o poder p\u00fablico.<\/p>\n<p style=\"text-align: justify;\">Na sua omiss\u00e3o, o \u201cpovo\u201d faz o que lhe parece melhor e o Estado, por incr\u00edvel que pare\u00e7a, leva at\u00e9 a tal \u00e1rea de risco as benfeitorias \u2013 \u00e1gua, luz, esgotos e asfalto e at\u00e9 Unidade B\u00e1sica de Sa\u00fade, igual a que o presidente Lula iria inaugurar no morro de S\u00e3o Carlos &#8211;  que levam os candidatos a meros n\u00fameros  estat\u00edscos  como vitimas ou desabrigados, a permanecerem nos morros e encostas, n\u00e3o se importando com as conseq\u00fc\u00eancias.<\/p>\n<p style=\"text-align: justify;\">O auxiliar administrativo Jos\u00e9 Luiz n\u00e3o dormiu na noite passada, pois al\u00e9m de ter a casa arrastada pela lama, como \u201cpovo\u201d ganhou um peso na consci\u00eancia e sobre as costas a responsabilidade pelos  desastres que matam tanta gente.<\/p>\n<p style=\"text-align: justify;\"><strong>Luiz Bosco Sardinha Machado<\/strong><\/p>\n<p style=\"text-align: center;\">[<a href=\"javascript:history.go(-1)\">Voltar<\/a>]<\/p>\n","protected":false},"excerpt":{"rendered":"","protected":false},"author":1,"featured_media":0,"comment_status":"open","ping_status":"open","sticky":false,"template":"","format":"standard","meta":{"ngg_post_thumbnail":0,"footnotes":""},"categories":[27],"tags":[],"class_list":["post-9856","post","type-post","status-publish","format-standard","hentry","category-noticias"],"_links":{"self":[{"href":"https:\/\/antonini.com.br\/index.php?rest_route=\/wp\/v2\/posts\/9856","targetHints":{"allow":["GET"]}}],"collection":[{"href":"https:\/\/antonini.com.br\/index.php?rest_route=\/wp\/v2\/posts"}],"about":[{"href":"https:\/\/antonini.com.br\/index.php?rest_route=\/wp\/v2\/types\/post"}],"author":[{"embeddable":true,"href":"https:\/\/antonini.com.br\/index.php?rest_route=\/wp\/v2\/users\/1"}],"replies":[{"embeddable":true,"href":"https:\/\/antonini.com.br\/index.php?rest_route=%2Fwp%2Fv2%2Fcomments&post=9856"}],"version-history":[{"count":1,"href":"https:\/\/antonini.com.br\/index.php?rest_route=\/wp\/v2\/posts\/9856\/revisions"}],"predecessor-version":[{"id":27285,"href":"https:\/\/antonini.com.br\/index.php?rest_route=\/wp\/v2\/posts\/9856\/revisions\/27285"}],"wp:attachment":[{"href":"https:\/\/antonini.com.br\/index.php?rest_route=%2Fwp%2Fv2%2Fmedia&parent=9856"}],"wp:term":[{"taxonomy":"category","embeddable":true,"href":"https:\/\/antonini.com.br\/index.php?rest_route=%2Fwp%2Fv2%2Fcategories&post=9856"},{"taxonomy":"post_tag","embeddable":true,"href":"https:\/\/antonini.com.br\/index.php?rest_route=%2Fwp%2Fv2%2Ftags&post=9856"}],"curies":[{"name":"wp","href":"https:\/\/api.w.org\/{rel}","templated":true}]}}