{"id":75791,"date":"2026-04-29T21:43:58","date_gmt":"2026-04-29T21:43:58","guid":{"rendered":"https:\/\/antonini.psc.br\/?p=75791"},"modified":"2026-04-29T23:32:12","modified_gmt":"2026-04-29T23:32:12","slug":"75791","status":"publish","type":"post","link":"https:\/\/antonini.com.br\/?p=75791","title":{"rendered":"A vida n\u00e3o come\u00e7a na concep\u00e7\u00e3o"},"content":{"rendered":"<p style=\"text-align: justify;\"><span style=\"font-weight: 400;\">Para decep\u00e7\u00e3o dos defensores do aborto que insistem na tese de que a vida come\u00e7a a existir apenas ap\u00f3s o fim da fase embrion\u00e1ria, no final da d\u00e9cima segunda semana de gesta\u00e7\u00e3o, ou quando a crian\u00e7a nasce, a vida j\u00e1 existe no momento da concep\u00e7\u00e3o, tecnicamente chamado de fecunda\u00e7\u00e3o!<\/span><!--more--><\/p>\n<p style=\"text-align: justify;\"><span style=\"font-weight: 400;\">A fecunda\u00e7\u00e3o nada mais \u00e9 que a fus\u00e3o de duas c\u00e9lulas diferentes, chamadas de germinativas ou gametas, oriundas de dois organismos vivos e diferentes dentro de uma mesma esp\u00e9cie; no caso de humanos, o espermatozoide de um homem biol\u00f3gico e o ov\u00f3cito secund\u00e1rio de uma mulher biol\u00f3gica. A enfase no sexo biol\u00f3tico serve para definir sem a menor sobra de d\u00favida de que filosofias farsescas e ideologias pervertidas n\u00e3o tem lugar na evolu\u00e7\u00e3o da humanidade.\u00a0<\/span><\/p>\n<p style=\"text-align: justify;\"><span style=\"font-weight: 400;\">Cada uma das c\u00e9lulas germinativas \u00e9 um organismo vivo. O espermatozoide, uma vez liberado, metaboliza frutose em suas organelas citoplasm\u00e1ticas, obtendo energia para os batimentos de seu flagelo, que o impulsiona na jornada mais importante de sua exist\u00eancia: chegar ao ov\u00f3cito, romper sua membrana e liberar sua carga vital, o seu material gen\u00e9tico, para ser pareado com o do ov\u00f3cito, que est\u00e1 repleto de prote\u00ednas que sustentar\u00e3o as primeiras fases do novo ser.<\/span><\/p>\n<p style=\"text-align: justify;\"><span style=\"font-weight: 400;\">As c\u00e9lulas germinativas carregam vida, e a fecunda\u00e7\u00e3o nada mais \u00e9 que a fus\u00e3o de duas vidas em uma s\u00f3, ou seja, a fecunda\u00e7\u00e3o \u00e9 apenas a continua\u00e7\u00e3o de vida pr\u00e9-existente e, portanto, n\u00e3o deve haver discuss\u00e3o alguma sobre a exist\u00eancia ou n\u00e3o de vida em qualquer fase da gesta\u00e7\u00e3o.<\/span><\/p>\n<p style=\"text-align: justify;\"><span style=\"font-weight: 400;\">A vida se processa no microuniverso, dentro das c\u00e9lulas, nas rea\u00e7\u00f5es bioqu\u00edmicas entre mol\u00e9culas, nas hidr\u00f3lises enzim\u00e1ticas, nas rea\u00e7\u00f5es de oxirredu\u00e7\u00e3o com transfer\u00eancia de el\u00e9trons, enfim, no mundo invis\u00edvel ao olho nu.<\/span><\/p>\n<p style=\"text-align: justify;\"><span style=\"font-weight: 400;\">O corpo n\u00e3o \u00e9 um bloco \u00fanico, uma entidade aut\u00f4noma que funciona pela vontade objetiva das pessoas, mas \u00e9 formado por trilh\u00f5es de c\u00e9lulas especializadas reunidas em tecidos que formam os \u00f3rg\u00e3os, os quais t\u00eam fun\u00e7\u00f5es espec\u00edficas e independentes da vontade de seus \u201cdonos\u201d. As c\u00e9lulas n\u00e3o funcionam com energias c\u00f3smicas, m\u00e1gicas, m\u00edsticas, mas com rea\u00e7\u00f5es bioqu\u00edmicas.<\/span><\/p>\n<p style=\"text-align: justify;\"><span style=\"font-weight: 400;\">Finalizando, a discuss\u00e3o de abortistas sobre quando a vida come\u00e7a \u00e9, al\u00e9m de f\u00fatil, criminosa e atestado de profunda ignor\u00e2ncia dos defensores do assassinato de beb\u00eas no ventre.<\/span><\/p>\n<p style=\"text-align: center;\"><video controls=\"controls\" width=\"560\" height=\"\"><source src=\"https:\/\/antonini.psc.br\/mp4\/5959a.mp4\" type=\"video\/mp4\" \/><\/video><\/p>\n<p style=\"text-align: center;\">[<a href=\"javascript:history.go(-1)\">Voltar<\/a>]<\/p>\n","protected":false},"excerpt":{"rendered":"<p>Para decep\u00e7\u00e3o dos defensores do aborto que insistem na tese de que a vida come\u00e7a a existir apenas ap\u00f3s o fim da fase embrion\u00e1ria, no final da d\u00e9cima segunda semana de gesta\u00e7\u00e3o, ou quando a crian\u00e7a nasce, a vida j\u00e1 &hellip; <a href=\"https:\/\/antonini.com.br\/?p=75791\">Continue lendo <span class=\"meta-nav\">&rarr;<\/span><\/a><\/p>\n","protected":false},"author":1,"featured_media":0,"comment_status":"open","ping_status":"open","sticky":false,"template":"","format":"standard","meta":{"ngg_post_thumbnail":0,"footnotes":""},"categories":[124,122],"tags":[],"class_list":["post-75791","post","type-post","status-publish","format-standard","hentry","category-saude","category-saude-mental"],"_links":{"self":[{"href":"https:\/\/antonini.com.br\/index.php?rest_route=\/wp\/v2\/posts\/75791","targetHints":{"allow":["GET"]}}],"collection":[{"href":"https:\/\/antonini.com.br\/index.php?rest_route=\/wp\/v2\/posts"}],"about":[{"href":"https:\/\/antonini.com.br\/index.php?rest_route=\/wp\/v2\/types\/post"}],"author":[{"embeddable":true,"href":"https:\/\/antonini.com.br\/index.php?rest_route=\/wp\/v2\/users\/1"}],"replies":[{"embeddable":true,"href":"https:\/\/antonini.com.br\/index.php?rest_route=%2Fwp%2Fv2%2Fcomments&post=75791"}],"version-history":[{"count":1,"href":"https:\/\/antonini.com.br\/index.php?rest_route=\/wp\/v2\/posts\/75791\/revisions"}],"predecessor-version":[{"id":75792,"href":"https:\/\/antonini.com.br\/index.php?rest_route=\/wp\/v2\/posts\/75791\/revisions\/75792"}],"wp:attachment":[{"href":"https:\/\/antonini.com.br\/index.php?rest_route=%2Fwp%2Fv2%2Fmedia&parent=75791"}],"wp:term":[{"taxonomy":"category","embeddable":true,"href":"https:\/\/antonini.com.br\/index.php?rest_route=%2Fwp%2Fv2%2Fcategories&post=75791"},{"taxonomy":"post_tag","embeddable":true,"href":"https:\/\/antonini.com.br\/index.php?rest_route=%2Fwp%2Fv2%2Ftags&post=75791"}],"curies":[{"name":"wp","href":"https:\/\/api.w.org\/{rel}","templated":true}]}}