{"id":75607,"date":"2025-11-14T17:45:18","date_gmt":"2025-11-14T17:45:18","guid":{"rendered":"https:\/\/antonini.psc.br\/?p=75607"},"modified":"2026-04-15T17:47:09","modified_gmt":"2026-04-15T17:47:09","slug":"matou-aula-de-historia","status":"publish","type":"post","link":"https:\/\/antonini.com.br\/?p=75607","title":{"rendered":"Matou aula de hist\u00f3ria"},"content":{"rendered":"<div style=\"text-align: justify;\">Para quem n\u00e3o sabe ou n\u00e3o se lembra, Lula agradeceu \u00e0 \u00c1frica por tudo o que os 350 anos de escravid\u00e3o negra produziram no Brasil.<span id=\"more-75226\"><!--more--><\/p>\n<blockquote>\n<p><strong><em>Atriz da Globo quis criticar a hist\u00f3ria do Brasil sem conhec\u00ea-la<\/em><\/strong><\/p>\n<\/blockquote>\n<p style=\"text-align: justify;\">Cad\u00ea as mesmas ONGs que arrancaram milh\u00f5es de Nelson Piquet em um processo fraudulento que N\u00c3O foi movido pela suposta v\u00edtima, acusando-o de racismo contra Lewis Hamilton, que n\u00e3o fazem o mesmo com o b\u00eabado, corrupto e analfabeto?<\/p>\n<p style=\"text-align: justify;\">Faltou falar a verdade: <a href=\"https:\/\/opatriota.org\/?p=87776\" target=\"_blank\">o negro escravizou seus conterr\u00e2neos<\/a> em suas guerras tribais e os vendeu aos traficantes de escravos nas costas africanas, que os salvaram da morte certa, pois aqueles que n\u00e3o eram vendidos eram mortos.<\/p>\n<p style=\"text-align: justify;\">\u00c9 mister lembrar que antes de traficar negros africanos para o Brasil, os portugueses escravizaram os \u00edndios, mas a escravid\u00e3o ind\u00edgena causou um genoc\u00eddio, al\u00e9m de eles n\u00e3o serem trabalhadores e produtivos.<\/p>\n<p style=\"text-align: justify;\">A Igreja Cat\u00f3lica demoniza a Ma\u00e7onaria, mas, se n\u00e3o fossem Ma\u00e7ons como Jos\u00e9 do Patroc\u00ednio, Joaquim Nabuco e tantos outros, a escravid\u00e3o n\u00e3o teria sido abolida. A Igreja Cat\u00f3lica n\u00e3o fez nada para acabar com a escravid\u00e3o.<\/p>\n<p style=\"text-align: justify;\">Falando em Andr\u00e9 Rebou\u00e7as, ele e seu irm\u00e3o projetaram e constru\u00edram, junto com Ostoja Roguski, aquela que \u00e9 considerada uma das obras ferrovi\u00e1rias mais dif\u00edceis da hist\u00f3ria da humanidade, a ferrovia Curitiba \u2013 Paranagu\u00e1.<\/p>\n<p style=\"text-align: center;\"><iframe loading=\"lazy\" src=\"\/\/www.youtube.com\/embed\/PM2Gb44CpRM\" width=\"560\" height=\"314\" allowfullscreen=\"allowfullscreen\"><\/iframe><\/p>\n<p style=\"text-align: center;\">[<a href=\"javascript:history.go(-1)\">Voltar<\/a>]<\/p>\n<p><\/span><\/div>\n","protected":false},"excerpt":{"rendered":"<p>Para quem n\u00e3o sabe ou n\u00e3o se lembra, Lula agradeceu \u00e0 \u00c1frica por tudo o que os 350 anos de escravid\u00e3o negra produziram no Brasil.<\/p>\n","protected":false},"author":1,"featured_media":0,"comment_status":"open","ping_status":"open","sticky":false,"template":"","format":"standard","meta":{"ngg_post_thumbnail":0,"footnotes":""},"categories":[20,29],"tags":[],"class_list":["post-75607","post","type-post","status-publish","format-standard","hentry","category-historia","category-politica"],"_links":{"self":[{"href":"https:\/\/antonini.com.br\/index.php?rest_route=\/wp\/v2\/posts\/75607","targetHints":{"allow":["GET"]}}],"collection":[{"href":"https:\/\/antonini.com.br\/index.php?rest_route=\/wp\/v2\/posts"}],"about":[{"href":"https:\/\/antonini.com.br\/index.php?rest_route=\/wp\/v2\/types\/post"}],"author":[{"embeddable":true,"href":"https:\/\/antonini.com.br\/index.php?rest_route=\/wp\/v2\/users\/1"}],"replies":[{"embeddable":true,"href":"https:\/\/antonini.com.br\/index.php?rest_route=%2Fwp%2Fv2%2Fcomments&post=75607"}],"version-history":[{"count":2,"href":"https:\/\/antonini.com.br\/index.php?rest_route=\/wp\/v2\/posts\/75607\/revisions"}],"predecessor-version":[{"id":75609,"href":"https:\/\/antonini.com.br\/index.php?rest_route=\/wp\/v2\/posts\/75607\/revisions\/75609"}],"wp:attachment":[{"href":"https:\/\/antonini.com.br\/index.php?rest_route=%2Fwp%2Fv2%2Fmedia&parent=75607"}],"wp:term":[{"taxonomy":"category","embeddable":true,"href":"https:\/\/antonini.com.br\/index.php?rest_route=%2Fwp%2Fv2%2Fcategories&post=75607"},{"taxonomy":"post_tag","embeddable":true,"href":"https:\/\/antonini.com.br\/index.php?rest_route=%2Fwp%2Fv2%2Ftags&post=75607"}],"curies":[{"name":"wp","href":"https:\/\/api.w.org\/{rel}","templated":true}]}}