{"id":74544,"date":"2025-08-28T00:13:57","date_gmt":"2025-08-28T00:13:57","guid":{"rendered":"https:\/\/antonini.psc.br\/?p=74544"},"modified":"2026-04-15T23:33:38","modified_gmt":"2026-04-15T23:33:38","slug":"hoje-27-de-agosto-e-dia-do-psicologo","status":"publish","type":"post","link":"https:\/\/antonini.com.br\/?p=74544","title":{"rendered":"Hoje, 27 de agosto, \u00e9 dia do psic\u00f3logo"},"content":{"rendered":"<p style=\"text-align: justify;\">Nada a comemorar, apenas a lamentar.<!--more--><\/p>\n<p style=\"text-align: justify;\">Lamentar um conselho federal que permite que os regionais defendam pautas absurdas e at\u00e9 criminosas, e que nada t\u00eam a ver com suas atribui\u00e7\u00f5es legais, que s\u00e3o inscrever os profissionais e fiscalizar o exerc\u00edcio da profiss\u00e3o. Esta \u00faltima, altamente negligenciada, permite que qualquer um, sem a m\u00ednima forma\u00e7\u00e3o e condi\u00e7\u00e3o, exer\u00e7a a profiss\u00e3o de psic\u00f3logo.<\/p>\n<p style=\"text-align: justify;\">\u00c9 lament\u00e1vel que psic\u00f3logos, insatisfeitos com os limites da profiss\u00e3o, intrometam-se em atribui\u00e7\u00f5es privativas de outros profissionais, como o tal Grupo de Trabalho &#8220;Psicologia, Maconha e Psicod\u00e9licos&#8221;. Psic\u00f3logos sequer sabem para que serve e como se usa a tabela peri\u00f3dica dos elementos qu\u00edmicos e querem se meter em farmacologia e em toxicologia forense, que \u00e9 atribui\u00e7\u00e3o privativa de farmac\u00eautico, conforme disposto no DL n\u00ba 85.878\/81, que estabelece o \u00e2mbito da profiss\u00e3o farmac\u00eautica, tentando anular a proscri\u00e7\u00e3o (proibi\u00e7\u00e3o) do uso de maconha, LSD, mescalina, DMT (dimetil-triptamina) e psilocibina, estabelecida h\u00e1 d\u00e9cadas ap\u00f3s exaustivos ensaios cl\u00ednicos e de farmacologia experimental.<\/p>\n<p style=\"text-align: center;\"><img loading=\"lazy\" decoding=\"async\" class=\"aligncenter wp-image-74504\" src=\"https:\/\/antonini.psc.br\/img\/unnamed-768x768.png\" alt=\"\" width=\"420\" height=\"420\"\/><\/p>\n<p style=\"text-align: justify;\">O pior \u00e9 a justificativa para o tal GT psicologia: &#8220;<em><strong>cr\u00edtica ao proibicionismo e modelo de guerra \u00e0s drogas e a defesa intransigente da luta antimanicomial.<\/strong><\/em>&#8221; Confiram o absurdo na p\u00e1gina do GT <a href=\"https:\/\/crppr.org.br\/eventos\/reuniao-aberta-do-grupo-de-trabalho-gt-psicologia-maconha-e-psicodelicos\/?utm_campaign=GT+-+Maconha+e+Psicod%C3%A9licos&amp;utm_content=Reuni%C3%A3o+Aberta+do+Grupo+de+Trabalho+%28GT%29+Psicologia%2C+Maconha+e+Psicod%C3%A9licos+%E2%80%93+CRP-PR&amp;utm_medium=email&amp;utm_source=dinamize&amp;utm_term=GT+-+Maconha+e+Psicod%C3%A9licos\" target=\"_blank\" rel=\"noopener\">aqui<\/a>.<\/p>\n<p style=\"text-align: justify;\">O palavr\u00f3rio da frase destacada acima, transcrita da p\u00e1gina do evento, \u00e9 coisa de crian\u00e7a birrenta ou de adolescente mimado que \u00e9 contra tudo e todos. N\u00e3o \u00e9 conversa de profissional s\u00e9rio, menos ainda de cientista.<\/p>\n<p style=\"text-align: justify;\">A luta antimanicomial \u00e9 o c\u00famulo da hipocrisia, pois psic\u00f3logos sequer sabem como \u00e9 a rotina de uma fam\u00edlia que tem um doente mental em casa.<\/p>\n<p style=\"text-align: justify;\">Quando entrei na faculdade, h\u00e1 mais de 40 anos, eu namorava uma mo\u00e7a que tinha uma tia-av\u00f3 esquizofr\u00eanica paranoica que morava com ela e seus pais. Acompanhei essa mulher de 1984 at\u00e9 dezembro de 2011, quando ela faleceu aos 84 anos de idade. Costumo dizer aos meus amigos e pacientes que, enquanto o Prof. Dr. Renato Rocco foi meu professor de psicopatologia te\u00f3rica, ela foi minha professora de psicopatologia pr\u00e1tica, pois aprendi o manejo do psic\u00f3tico na pr\u00e1tica com ela.<\/p>\n<p style=\"text-align: justify;\">Contrariando a reportagem de capa da edi\u00e7\u00e3o 151 da Revista Contato, publicada pelo egr\u00e9gio Conselho Regional de Psicologia da 8\u00aa Regi\u00e3o, cuja chamada \u00e9 &#8220;<em><strong>Trancar N\u00e3o \u00e9 Cuidar<\/strong><\/em>&#8220;, n\u00e3o se interna um psic\u00f3tico em surto para se livrar dele, mas para garantir sua integridade f\u00edsica e a seguran\u00e7a de sua fam\u00edlia. Aprendi isso com minha professora de psicopatologia pr\u00e1tica. Ela pouco dormia e, quando adormecia, a fam\u00edlia tirava, com o maior cuidado para n\u00e3o acord\u00e1-la, facas e at\u00e9 machadinhas que ela escondia embaixo de seu travesseiro ou colch\u00e3o.<\/p>\n<p style=\"text-align: justify;\">Se os psic\u00f3logos quiserem ser respeitados como profissionais e cientistas, que se deem ao respeito, atenham-se aos limites do seu \u00e2mbito profissional, n\u00e3o empunhem bandeiras de nenhum tipo al\u00e9m daquelas previstas na legisla\u00e7\u00e3o que regulamenta a profiss\u00e3o e no c\u00f3digo de \u00e9tica profissional.<\/p>\n<p><strong>Leia mais:<\/strong><\/p>\n<ul>\n<li style=\"text-align: justify;\"><a href=\"https:\/\/antonini.psc.br\/?p=31217\" rel=\"bookmark\">Conselhos de psicologia preocupados com pautas que n\u00e3o interessam \u00e0 sociedade<\/a><\/li>\n<li style=\"text-align: justify;\"><a href=\"https:\/\/antonini.psc.br\/?p=72755\" rel=\"bookmark\">Terap\u00eauta hol\u00edtica vibracional radiestesista\u2026<\/a><\/li>\n<li style=\"text-align: justify;\"><a href=\"https:\/\/antonini.psc.br\/?p=74503\">Vereadora de Curitiba faz apologia ao uso de drogas abuso<\/a><\/li>\n<\/ul>\n<p style=\"text-align: center;\">[<a href=\"javascript:history.go(-1)\">Voltar<\/a>]<\/p>\n","protected":false},"excerpt":{"rendered":"<p>Nada a comemorar, apenas a lamentar.<\/p>\n","protected":false},"author":1,"featured_media":0,"comment_status":"open","ping_status":"open","sticky":false,"template":"","format":"standard","meta":{"ngg_post_thumbnail":0,"footnotes":""},"categories":[122],"tags":[],"class_list":["post-74544","post","type-post","status-publish","format-standard","hentry","category-saude-mental"],"_links":{"self":[{"href":"https:\/\/antonini.com.br\/index.php?rest_route=\/wp\/v2\/posts\/74544","targetHints":{"allow":["GET"]}}],"collection":[{"href":"https:\/\/antonini.com.br\/index.php?rest_route=\/wp\/v2\/posts"}],"about":[{"href":"https:\/\/antonini.com.br\/index.php?rest_route=\/wp\/v2\/types\/post"}],"author":[{"embeddable":true,"href":"https:\/\/antonini.com.br\/index.php?rest_route=\/wp\/v2\/users\/1"}],"replies":[{"embeddable":true,"href":"https:\/\/antonini.com.br\/index.php?rest_route=%2Fwp%2Fv2%2Fcomments&post=74544"}],"version-history":[{"count":4,"href":"https:\/\/antonini.com.br\/index.php?rest_route=\/wp\/v2\/posts\/74544\/revisions"}],"predecessor-version":[{"id":75688,"href":"https:\/\/antonini.com.br\/index.php?rest_route=\/wp\/v2\/posts\/74544\/revisions\/75688"}],"wp:attachment":[{"href":"https:\/\/antonini.com.br\/index.php?rest_route=%2Fwp%2Fv2%2Fmedia&parent=74544"}],"wp:term":[{"taxonomy":"category","embeddable":true,"href":"https:\/\/antonini.com.br\/index.php?rest_route=%2Fwp%2Fv2%2Fcategories&post=74544"},{"taxonomy":"post_tag","embeddable":true,"href":"https:\/\/antonini.com.br\/index.php?rest_route=%2Fwp%2Fv2%2Ftags&post=74544"}],"curies":[{"name":"wp","href":"https:\/\/api.w.org\/{rel}","templated":true}]}}