{"id":73593,"date":"2025-04-06T12:50:54","date_gmt":"2025-04-06T12:50:54","guid":{"rendered":"https:\/\/antonini.com.br\/?p=73593"},"modified":"2025-06-27T04:11:54","modified_gmt":"2025-06-27T04:11:54","slug":"janja-manda-indio-calar-a-boca-e-cacique-da-bronca-em-lula","status":"publish","type":"post","link":"https:\/\/antonini.com.br\/?p=73593","title":{"rendered":"Janja manda \u00edndio calar a boca e cacique d\u00e1 bronca em Lula"},"content":{"rendered":"<p style=\"text-align: justify;\">Deram a medalha do m\u00e9rito nacional para um \u00edndio in\u00fatil, um ecovigarista que nunca ajudou a humanidade em nada\u2026<!--more--><\/p>\n<p style=\"text-align: justify;\">Esse \u00edndio ecopilantra apenas atrapalha, com suas ideias ecofecais, ecotrouxas e ecobabacas, o agroneg\u00f3cio brasileiro que alimenta quase um ter\u00e7o da popula\u00e7\u00e3o do planeta.<\/p>\n<p style=\"text-align: justify;\">O cafajeste luiz beba\u00e7o corrupto da silva, o min\u00fasculo, in\u00fatil e desprez\u00edvel, foi feito de idiota por um \u00edndio que fala muito bem o portugu\u00eas e fluentemente o ingl\u00eas, e tascou o Tupi Guarani na cara nas fu\u00e7as do molusco et\u00edlico que sequer fala o portugu\u00eas, e precisou de int\u00e9rprete para entender a bronca do silv\u00edcola espertalh\u00e3o.<\/p>\n<p style=\"text-align: justify;\">Para quem n\u00e3o sabe ou n\u00e3o se lembra, este cacique protagonizou um acidente ecol\u00f3gico no gramado da esplanada dos minist\u00e9rios em 1992 quando, abra\u00e7ado ao cantor Sting, outro ecovigarista sem no\u00e7\u00e3o que defende as girafas, le\u00f5es, leopardos e rinocerontes da amaz\u00f4nia, sentou sobre um formigueiro.<\/p>\n<p style=\"text-align: justify;\">A penosa dama, primeira dESGRama tupiniquim, faz jus apenas a uma camisa de for\u00e7a e uma morda\u00e7a.<\/p>\n<p style=\"text-align: center;\"><iframe loading=\"lazy\" src=\"\/\/www.youtube.com\/embed\/yH1Zr-8UYx0\" allowfullscreen=\"allowfullscreen\" width=\"560\" height=\"314\"><\/iframe><\/p>\n<p style=\"text-align: center;\">[<a href=\"javascript:history.go(-1)\">Voltar<\/a>]<\/p>\n","protected":false},"excerpt":{"rendered":"<p>Deram a medalha do m\u00e9rito nacional para um \u00edndio in\u00fatil, um ecovigarista que nunca ajudou a humanidade em nada\u2026<\/p>\n","protected":false},"author":1,"featured_media":0,"comment_status":"open","ping_status":"open","sticky":false,"template":"","format":"standard","meta":{"ngg_post_thumbnail":0,"footnotes":""},"categories":[29],"tags":[],"class_list":["post-73593","post","type-post","status-publish","format-standard","hentry","category-politica"],"_links":{"self":[{"href":"https:\/\/antonini.com.br\/index.php?rest_route=\/wp\/v2\/posts\/73593","targetHints":{"allow":["GET"]}}],"collection":[{"href":"https:\/\/antonini.com.br\/index.php?rest_route=\/wp\/v2\/posts"}],"about":[{"href":"https:\/\/antonini.com.br\/index.php?rest_route=\/wp\/v2\/types\/post"}],"author":[{"embeddable":true,"href":"https:\/\/antonini.com.br\/index.php?rest_route=\/wp\/v2\/users\/1"}],"replies":[{"embeddable":true,"href":"https:\/\/antonini.com.br\/index.php?rest_route=%2Fwp%2Fv2%2Fcomments&post=73593"}],"version-history":[{"count":8,"href":"https:\/\/antonini.com.br\/index.php?rest_route=\/wp\/v2\/posts\/73593\/revisions"}],"predecessor-version":[{"id":73601,"href":"https:\/\/antonini.com.br\/index.php?rest_route=\/wp\/v2\/posts\/73593\/revisions\/73601"}],"wp:attachment":[{"href":"https:\/\/antonini.com.br\/index.php?rest_route=%2Fwp%2Fv2%2Fmedia&parent=73593"}],"wp:term":[{"taxonomy":"category","embeddable":true,"href":"https:\/\/antonini.com.br\/index.php?rest_route=%2Fwp%2Fv2%2Fcategories&post=73593"},{"taxonomy":"post_tag","embeddable":true,"href":"https:\/\/antonini.com.br\/index.php?rest_route=%2Fwp%2Fv2%2Ftags&post=73593"}],"curies":[{"name":"wp","href":"https:\/\/api.w.org\/{rel}","templated":true}]}}