{"id":73511,"date":"2025-03-22T17:44:56","date_gmt":"2025-03-22T17:44:56","guid":{"rendered":"https:\/\/antonini.psc.br\/?p=73492"},"modified":"2025-03-28T15:41:22","modified_gmt":"2025-03-28T15:41:22","slug":"canais-em-redes-sociais-estao-fomentando-o-racismo-de-maneira-sutil","status":"publish","type":"post","link":"https:\/\/antonini.com.br\/?p=73511","title":{"rendered":"Canais em redes sociais est\u00e3o fomentando o racismo de maneira sutil"},"content":{"rendered":"<p><a href=\"https:\/\/antonini.com.br\/paginas\/1368a.html\"><img loading=\"lazy\" decoding=\"async\" class=\"size-full wp-image-73089 alignright\" src=\"https:\/\/antonini.psc.br\/blogmed\/wp-content\/uploads\/2025\/02\/flag_usa-e1738856108624.png\" alt=\"\" width=\"30\" height=\"16\"\/><\/a><\/p>\n<p style=\"text-align: justify;\">Esse tipo de hist\u00f3ria romanceada apenas deprecia os negros e incita o racismo que desde a guerra do Paraguai, quando brancos, negros e \u00edndios lutaram lado a lado na defesa da p\u00e1tria, j\u00e1 estava se extinguindo no Brasil.<!--more--><\/p>\n<blockquote><p>CEO negro tem o servi\u00e7o negado em seu pr\u00f3prio banco, e o gerente \u00e9 demitido<\/p><\/blockquote>\n<p style=\"text-align: justify;\">Tentam vitimizar os negros sem saberem que o primeiro psiquiatra brasileiro, l\u00e1 na metade do s\u00e9culo XIX, Juliano Moreira, era negro.<\/p>\n<p style=\"text-align: justify;\">N\u00e3o sabem que foram dois negros, os irm\u00e3os Andr\u00e9 Rebou\u00e7as e Ant\u00f4nio Rebou\u00e7as, os construtores da obra ferrovi\u00e1ria considerada a mais dif\u00edcil de todos os tempos no mundo, a&nbsp; ferrovia Paranagu\u00e1-Curitiba, junto com o engenheiro Ostoja Roguski.<\/p>\n<p style=\"text-align: justify;\">Tamb\u00e9m ignoraram que a FEB, a For\u00e7a Expedicion\u00e1ria Brasileira, cujos pelot\u00f5es eram compostos de brancos e negros misturados, sem nenhuma hierarquia ou posi\u00e7\u00e3o distintiva dentro deles, causou o maior esc\u00e2ndalo na It\u00e1lia em 1944, quando, ao se apresentar ao Alto Comando Aliado, pois as for\u00e7as de outros pa\u00edses da alian\u00e7a eram compostas ou de pelot\u00f5es e batalh\u00f5es separados, segregados e sendo aos negros designadas as opera\u00e7\u00f5es mais perigosas, as miss\u00f5es mais mort\u00edferas da guerra, enquanto na FEB qualquer um se voluntariava \u00e0s miss\u00f5es de alto risco, como por exemplo o sargento Max Wolf, que morreu em combate e passou \u00e0 hist\u00f3ria da humanidade.<\/p>\n<p style=\"text-align: justify;\">O Brasil j\u00e1 teve um presidente negro, l\u00e1 no come\u00e7o do s\u00e9culo XX. Nilo Pe\u00e7anha era negro, al\u00e9m de dois ministros negros, <span data-huuid=\"16708004520116776211\">Pedro Lessa, de 1907 a 1921, e Hermenegildo de Barros, de 1917 a 1931, <\/span>na mais alta corte de justi\u00e7a, antes do perjuro de Avental Joaquim Barbosa.<\/p>\n<p style=\"text-align: justify;\">Os criadores de conte\u00fado deste canal n\u00e3o tem a menor no\u00e7\u00e3o de como funciona o mercado, que n\u00e3o enxerga cor de pele, mas apenas a capacidade de movimentar dinheiro.<\/p>\n<p style=\"text-align: justify;\">Este mimimi racista custar\u00e1 muito caro aos negros. Fui empres\u00e1rio durante mais de duas d\u00e9cadas e n\u00e3o contratava empregados que defendiam causas &#8220;sociais&#8221;, al\u00e9m de ter sido estagi\u00e1rio no setor de recrutamento e sele\u00e7\u00e3o do departamento de recursos humanos da antiga Brahma, hoje hoje AmBev, em 1986, onde a ordem era n\u00e3o contratar qualquer um que defendesse ideologias e o mantra racista insano, entoado aos quatro cantos do <em>orbi,<\/em> condenar\u00e1 os negros ao desemprego, pois empresas s\u00e9rias n\u00e3o os contratar\u00e3o justamente para evitar este tipo de narrativa e vitimiza\u00e7\u00e3o e n\u00e3o serem processadas por racismo, caso tenham que demiti-los.<\/p>\n<p style=\"text-align: justify;\">Os negros devem tomar muito cuidado com gente, especialmente ide\u00f3logos de esquerda, que empunham bandeiras antirracistas em seus nomes, pois podem estar, na verdade, com esse tipo de hist\u00f3ria romanceada que apenas deprecia os negros e incita o racismo que est\u00e1 sendo reavivado, revitalizado e institucionalizado por este desgoverno comuno-socialista lulopetistE que, para se perpetuar no poder, est\u00e1 fomentando lutas fratricidas entre brasileiros, jogando ricos contra pobres, opondo brancos contra negros.<\/p>\n<p style=\"text-align: justify;\">Aconselho aos produtores deste canal a estudarem melhor a hist\u00f3ria da humanidade porque n\u00e3o foram os brancos que escravizaram os negros, mas negros escravizaram negros em suas lutas tribais e os venderem aos portugueses, espanh\u00f3is e franceses nas costas da \u00c1frica. Aqueles que n\u00e3o conseguiram vender eles mataram, ou seja, os que foram traficados, a bem da verdade, &#8220;foram vendidos pelos negros e salvos pelos brancos que os compraram&#8221;, como disse o saudoso cantor <a href=\"https:\/\/opatriota.org\/?page_id=42796\" target=\"_blank\" rel=\"noopener\">MR. Catra<\/a>, no programa P\u00e2nico da Jovem Pan.<\/p>\n<p style=\"text-align: center;\"><iframe loading=\"lazy\" src=\"\/\/www.youtube.com\/embed\/LlsDBHnePq4\" allowfullscreen=\"allowfullscreen\" width=\"560\" height=\"314\"><\/iframe><\/p>\n<p style=\"text-align: center;\">[<a href=\"javascript:history.go(-1)\">Voltar<\/a>]<\/p>\n","protected":false},"excerpt":{"rendered":"<p>Esse tipo de hist\u00f3ria romanceada apenas deprecia os negros e incita o racismo que desde a guerra do Paraguai, quando brancos, negros e \u00edndios lutaram lado a lado na defesa da p\u00e1tria, j\u00e1 estava se extinguindo no Brasil.<\/p>\n","protected":false},"author":1,"featured_media":0,"comment_status":"open","ping_status":"open","sticky":false,"template":"","format":"standard","meta":{"ngg_post_thumbnail":0,"footnotes":""},"categories":[29],"tags":[],"class_list":["post-73511","post","type-post","status-publish","format-standard","hentry","category-politica"],"_links":{"self":[{"href":"https:\/\/antonini.com.br\/index.php?rest_route=\/wp\/v2\/posts\/73511","targetHints":{"allow":["GET"]}}],"collection":[{"href":"https:\/\/antonini.com.br\/index.php?rest_route=\/wp\/v2\/posts"}],"about":[{"href":"https:\/\/antonini.com.br\/index.php?rest_route=\/wp\/v2\/types\/post"}],"author":[{"embeddable":true,"href":"https:\/\/antonini.com.br\/index.php?rest_route=\/wp\/v2\/users\/1"}],"replies":[{"embeddable":true,"href":"https:\/\/antonini.com.br\/index.php?rest_route=%2Fwp%2Fv2%2Fcomments&post=73511"}],"version-history":[{"count":2,"href":"https:\/\/antonini.com.br\/index.php?rest_route=\/wp\/v2\/posts\/73511\/revisions"}],"predecessor-version":[{"id":73521,"href":"https:\/\/antonini.com.br\/index.php?rest_route=\/wp\/v2\/posts\/73511\/revisions\/73521"}],"wp:attachment":[{"href":"https:\/\/antonini.com.br\/index.php?rest_route=%2Fwp%2Fv2%2Fmedia&parent=73511"}],"wp:term":[{"taxonomy":"category","embeddable":true,"href":"https:\/\/antonini.com.br\/index.php?rest_route=%2Fwp%2Fv2%2Fcategories&post=73511"},{"taxonomy":"post_tag","embeddable":true,"href":"https:\/\/antonini.com.br\/index.php?rest_route=%2Fwp%2Fv2%2Ftags&post=73511"}],"curies":[{"name":"wp","href":"https:\/\/api.w.org\/{rel}","templated":true}]}}