{"id":73277,"date":"2025-02-02T22:10:48","date_gmt":"2025-02-02T22:10:48","guid":{"rendered":"https:\/\/antonini.psc.br\/?p=73277"},"modified":"2025-06-27T04:17:51","modified_gmt":"2025-06-27T04:17:51","slug":"blogueiros-tentam-debochar-da-anistia-mas-esqueceram-de-combinar-com-o-entrevistado","status":"publish","type":"post","link":"https:\/\/antonini.com.br\/?p=73277","title":{"rendered":"A esquerda corrupta e parasita est\u00e1 gritando\u00a0SEM ANISTIA?"},"content":{"rendered":"<p style=\"text-align: justify;\">Ent\u00e3o, que seja cancelada a Lei n\u00ba 6.683, de 28 de agosto de 1979, a Lei da Anistia do Regime Militar<!--more-->, e devolvam \u00e0 cadeia os psicopatas Dilma Rousseff, Jos\u00e9 Dirceu, Jos\u00e9 Genoino, Miriam Leit\u00e3o, Gabeira e tantos outros que pegaram em armas, assassinaram, sequestraram, assaltaram bancos, casas de armas, quart\u00e9is, &#8220;justi\u00e7aram&#8221; (mataram &#8220;companheiros&#8221; que tentavam deixar a guerrilha) e ainda est\u00e3o por a\u00ed, parasitando o contribuinte e assombrando a verdadeira democracia.<\/p>\n<p style=\"text-align: justify;\">Internem luiz b\u00eabado corrupto da silva, o min\u00fasculo, in\u00fatil e desprez\u00edvel que, nos tempos do Regime Militar, enriqueceu fomentando greves ilegais e extorquindo empres\u00e1rios para acabar com elas, enquanto posava de l\u00edder oper\u00e1rio e democrata, em isolamento de pres\u00eddio de seguran\u00e7a m\u00e1xima.&#8221;<\/p>\n<p style=\"text-align: justify;\">&#8220;O Congresso Nacional j\u00e1 cassou dois presidentes e por que n\u00e3o cassa e coloca em isolamento de manic\u00f4mio judici\u00e1rio um psicopata togado, not\u00f3rio analfabeto jur\u00eddico e not\u00e1vel pau-mandado de pol\u00edticos corruptos que evacua na Constitui\u00e7\u00e3o Federal, cospe e sapateia na face do contribuinte que paga o seu sal\u00e1rio e se acha Deus e dono do Brasil?&#8221;<\/p>\n<p style=\"text-align: justify;\">Rabo preso, covardia ou cumplicidade em esquemas de corrup\u00e7\u00e3o?<\/p>\n<p><iframe loading=\"lazy\" title=\"SENSACIONAL: Blogueiros tentam debochar da anistia, mas esqueceram de combinar com o entrevistado!\" width=\"584\" height=\"329\" src=\"https:\/\/www.youtube.com\/embed\/x3p9tSameaM?feature=oembed\" frameborder=\"0\" allow=\"accelerometer; autoplay; clipboard-write; encrypted-media; gyroscope; picture-in-picture; web-share\" referrerpolicy=\"strict-origin-when-cross-origin\" allowfullscreen><\/iframe><\/p>\n<p style=\"text-align: center;\">[<a href=\"javascript:history.go(-1)\">Voltar<\/a>]<\/p>\n","protected":false},"excerpt":{"rendered":"<p>Ent\u00e3o, que seja cancelada a Lei n\u00ba 6.683, de 28 de agosto de 1979, a Lei da Anistia do Regime Militar<\/p>\n","protected":false},"author":1,"featured_media":0,"comment_status":"open","ping_status":"open","sticky":false,"template":"","format":"standard","meta":{"ngg_post_thumbnail":0,"footnotes":""},"categories":[29],"tags":[],"class_list":["post-73277","post","type-post","status-publish","format-standard","hentry","category-politica"],"_links":{"self":[{"href":"https:\/\/antonini.com.br\/index.php?rest_route=\/wp\/v2\/posts\/73277","targetHints":{"allow":["GET"]}}],"collection":[{"href":"https:\/\/antonini.com.br\/index.php?rest_route=\/wp\/v2\/posts"}],"about":[{"href":"https:\/\/antonini.com.br\/index.php?rest_route=\/wp\/v2\/types\/post"}],"author":[{"embeddable":true,"href":"https:\/\/antonini.com.br\/index.php?rest_route=\/wp\/v2\/users\/1"}],"replies":[{"embeddable":true,"href":"https:\/\/antonini.com.br\/index.php?rest_route=%2Fwp%2Fv2%2Fcomments&post=73277"}],"version-history":[{"count":1,"href":"https:\/\/antonini.com.br\/index.php?rest_route=\/wp\/v2\/posts\/73277\/revisions"}],"predecessor-version":[{"id":74134,"href":"https:\/\/antonini.com.br\/index.php?rest_route=\/wp\/v2\/posts\/73277\/revisions\/74134"}],"wp:attachment":[{"href":"https:\/\/antonini.com.br\/index.php?rest_route=%2Fwp%2Fv2%2Fmedia&parent=73277"}],"wp:term":[{"taxonomy":"category","embeddable":true,"href":"https:\/\/antonini.com.br\/index.php?rest_route=%2Fwp%2Fv2%2Fcategories&post=73277"},{"taxonomy":"post_tag","embeddable":true,"href":"https:\/\/antonini.com.br\/index.php?rest_route=%2Fwp%2Fv2%2Ftags&post=73277"}],"curies":[{"name":"wp","href":"https:\/\/api.w.org\/{rel}","templated":true}]}}