{"id":6688,"date":"2009-10-23T12:09:12","date_gmt":"2009-10-23T15:09:12","guid":{"rendered":"http:\/\/antonini.med.br\/blog\/?p=6688"},"modified":"2025-08-23T00:36:38","modified_gmt":"2025-08-23T00:36:38","slug":"franca","status":"publish","type":"post","link":"https:\/\/antonini.com.br\/?p=6688","title":{"rendered":"Fran\u00e7a"},"content":{"rendered":"<p style=\"text-align: justify;\">A Fran\u00e7a \u00e9 um dos pa\u00edses pioneiros no campo dos medicamentos; a primeira Escola de Farm\u00e1cia, completamente separada da Escola de Medicina, foi fundada no s\u00e9culo XVI; foi, tamb\u00e9m, o Rei Lu\u00eds XV da Fran\u00e7a que mandou suspender o uso da palavra <em>&#8220;botic\u00e1rio&#8221;<\/em>, passando os profissionais de rem\u00e9dios a se chamarem <em>&#8220;farmac\u00eauticos&#8221;<\/em>. Hoje existem no pa\u00eds 24 cursos de Farm\u00e1cia e 45.000 farmac\u00eauticos. Tal como acontece na maioria dos pa\u00edses, \u00e9 na farm\u00e1cia p\u00fablica (comercial) que trabalha a maioria dos farmac\u00eauticos franceses. Na Fran\u00e7a existem 20.967 farm\u00e1cias.<!--more-->.<\/p>\n<p style=\"text-align: justify;\">A Fran\u00e7a \u00e9 o quarto produtor de medicamentos do mundo, ficando atr\u00e1s apenas dos Estados Unidos, Alemanha Federal e Jap\u00e3o, e sua ind\u00fastria farmac\u00eautica \u00e9 constitu\u00edda por 350 empresas. Na descoberta de novos medicamentos situa-se em terceiro lugar, superando inclusive a Alemanha Federal. A Fran\u00e7a \u00e9, tamb\u00e9m, o terceiro exportador mundial de medicamentos, atr\u00e1s apenas da Alemanha Federal e Inglaterra.<\/p>\n<p style=\"text-align: justify;\">Na Fran\u00e7a n\u00e3o existem drogarias, como no Brasil. Todo estabelecimento que vende rem\u00e9dios tem, obrigatoriamente, que ser dirigido por um farmac\u00eautico, que \u00e9 obrigado a estar presente na farm\u00e1cia durante o seu funcionamento. No caso de impedimento ou aus\u00eancia ocasional do farmac\u00eautico, ter\u00e1 que haver um farmac\u00eautico substituto (artigo L.579; a. 24 de setembro de 1976).<\/p>\n<p style=\"text-align: justify;\"><em>&#8220;L\u2019article L.596 (al. 1<sup>er<\/sup>) du code de la sant\u00e9 publique dispose que &#8220;tout \u00e9tablissement de pr\u00e9paration, de vente en gros ou de distribution en gros des m\u00e9dicaments, produits et objets vis\u00e9s aux articles L.511 et L.512 doit \u00eatre la propri\u00e9t\u00e9 d\u2019um pharmacien ou d\u2019une soci\u00e9t\u00e9 \u00e0 la gestion ou \u00e0 la direction g\u00e9n\u00e9rale de laquelle participe un pharmacien dans les conditions fix\u00e9es par d\u00e9cret em Conseil d\u2019Etat.&#8221; Ce pharmacien est qualifi\u00e9 de pharmacien responsable.&#8221;<\/em><\/p>\n<p style=\"text-align: justify;\"><em> <\/em>As farm\u00e1cias do pa\u00eds n\u00e3o apresentam nada de semelhante com as nossas drogarias, verdadeiros supermercados instalados nas capitais brasileiras. Discretas e identificadas por uma cruz verde, deixam somente os produtos de higiene, cosm\u00e9ticos e pessoais ao alcance do p\u00fablico. Os rem\u00e9dios ficam atr\u00e1s do balc\u00e3o das farm\u00e1cias. Outro aspecto interessante \u00e9 que quase todas as farm\u00e1cias possuem medicamentos homeop\u00e1ticos.<\/p>\n<p style=\"text-align: justify;\">O sistema franc\u00eas de remunera\u00e7\u00e3o das farm\u00e1cias \u00e9 muito similar ao espanhol. O farmac\u00eautico \u00e9 remunerado \u00fanica e exclusivamente por uma margem fixa e \u00fanica sobre o pre\u00e7o de venda estabelecido, que \u00e9 de 32,4%. Os medicamentos s\u00e3o reembolsados pela seguridade social.<\/p>\n<p style=\"text-align: justify;\">\u00c9 conveniente mencionar que 20% das visitas realizadas a consult\u00f3rios de m\u00e9dicos especialistas n\u00e3o resulta em prescri\u00e7\u00e3o de medicamentos.<\/p>\n<p style=\"text-align: justify;\">O consumo de rem\u00e9dios por pessoa (1986) \u00e9 de 103,30 d\u00f3lares, sendo uma das mais altas do mundo. As despesas com medicamentos correspondem a 19% dos gastos com sa\u00fade. A venda dos medicamentos \u00e9 realizada apenas nas farm\u00e1cias.<\/p>\n<p style=\"text-align: justify;\">As farm\u00e1cias fecham no per\u00edodo de f\u00e9rias do farmac\u00eautico ou quando este n\u00e3o est\u00e1 presente.<\/p>\n<p style=\"text-align: justify;\">R. Lemay afirma textualmente: <em>&#8220;L\u2019obligation faite au pharmacien titulaire d\u2019exercer personnellement entra\u00eene une cons\u00e9quence importante: l\u2019obligation d\u2019\u00eatre pr\u00e9sent dans son officine de fa\u00e7on reguli\u00e8re et effective.&#8221;<\/em><\/p>\n<p style=\"text-align: justify;\">Na Fran\u00e7a, a indivisibilidade da propriedade e da dire\u00e7\u00e3o t\u00e9cnica de farm\u00e1cia consta do artigo L.575.\u00ba C\u00f3digo de Sa\u00fade P\u00fablica e tem mais de dois s\u00e9culos. Apenas os farmac\u00eauticos e as sociedades integralmente constitu\u00eddas por farmac\u00eauticos podem ser propriet\u00e1rios de farm\u00e1cia.<\/p>\n<p style=\"text-align: justify;\">Observa J. Flahaut em sua obra <em>&#8220;L\u2019homme, le m\u00e9dicament et le pharmacien&#8221;: &#8220;Le Roin Louis XVI, le 25 de avril 1777, dans une D\u00e9claration Royale, d\u00e9finit les grandes lignes de la profession pharmaceutique telles que nous la connaisson encorre: monopole du pharmacien, obligation \u00e0 l\u2019exercice personel indivisibilit\u00e9 de la propriet\u00e9 et de la g\u00e9rance de la pharmacie.&#8221;<\/em><\/p>\n<p style=\"text-align: justify;\">No caso de falecimento do farmac\u00eautico, os herdeiros leigos podem ficar com a propriedade at\u00e9 no m\u00e1ximo 1 ano, desde que assegurem a presen\u00e7a de um farmac\u00eautico na efetiva dire\u00e7\u00e3o t\u00e9cnica da farm\u00e1cia (artigo L.580). Ainda existem duas outras exce\u00e7\u00f5es bastante restritas em rela\u00e7\u00e3o \u00e0 indivisibilidade da propriedade e da dire\u00e7\u00e3o t\u00e9cnica: &#8211; as farm\u00e1cias em comunh\u00e3o conjugal; as farm\u00e1cias de propriedade de organismos p\u00fablicos ou privados destinados \u00e0 presta\u00e7\u00e3o de cuidados de sa\u00fade (hospitais, cl\u00ednicas) e de associa\u00e7\u00f5es de socorros m\u00fatuos.<\/p>\n<p style=\"text-align: justify;\">Com justa raz\u00e3o observam Dupuy e Karsenty em seu festejado livro &#8220;L\u2019invasion pharmaceutique&#8221;: <em>&#8220;Chacun sait qu\u2019en France on ne vend pas et on n\u2019ach\u00e8te pas de m\u00e9dicaments comme on vend ou on ach\u00e8te un paquet de lessive ou un flacon d\u2019eau du Cologne.<\/em><\/p>\n<p style=\"text-align: justify;\"><em>Tout d\u2019abord, la d\u00e9tention et la vente des m\u00e9dicaments sont le monopole des seuls titulaires du dipl\u00f4me de pharmacien.&#8221;<\/em><\/p>\n<p style=\"text-align: center;\">[<a href=\"javascript:history.go(-1)\">Voltar<\/a>]<\/p>\n","protected":false},"excerpt":{"rendered":"<p>A Fran\u00e7a \u00e9 um dos pa\u00edses pioneiros no campo dos medicamentos; a primeira Escola de Farm\u00e1cia, completamente separada da Escola de Medicina, foi fundada no s\u00e9culo XVI; foi, tamb\u00e9m, o Rei Lu\u00eds XV da Fran\u00e7a que mandou suspender o uso &hellip; <a href=\"https:\/\/antonini.com.br\/?p=6688\">Continue lendo <span class=\"meta-nav\">&rarr;<\/span><\/a><\/p>\n","protected":false},"author":1,"featured_media":0,"comment_status":"open","ping_status":"open","sticky":false,"template":"","format":"standard","meta":{"ngg_post_thumbnail":0,"footnotes":""},"categories":[20],"tags":[],"class_list":["post-6688","post","type-post","status-publish","format-standard","hentry","category-historia"],"_links":{"self":[{"href":"https:\/\/antonini.com.br\/index.php?rest_route=\/wp\/v2\/posts\/6688","targetHints":{"allow":["GET"]}}],"collection":[{"href":"https:\/\/antonini.com.br\/index.php?rest_route=\/wp\/v2\/posts"}],"about":[{"href":"https:\/\/antonini.com.br\/index.php?rest_route=\/wp\/v2\/types\/post"}],"author":[{"embeddable":true,"href":"https:\/\/antonini.com.br\/index.php?rest_route=\/wp\/v2\/users\/1"}],"replies":[{"embeddable":true,"href":"https:\/\/antonini.com.br\/index.php?rest_route=%2Fwp%2Fv2%2Fcomments&post=6688"}],"version-history":[{"count":1,"href":"https:\/\/antonini.com.br\/index.php?rest_route=\/wp\/v2\/posts\/6688\/revisions"}],"predecessor-version":[{"id":29806,"href":"https:\/\/antonini.com.br\/index.php?rest_route=\/wp\/v2\/posts\/6688\/revisions\/29806"}],"wp:attachment":[{"href":"https:\/\/antonini.com.br\/index.php?rest_route=%2Fwp%2Fv2%2Fmedia&parent=6688"}],"wp:term":[{"taxonomy":"category","embeddable":true,"href":"https:\/\/antonini.com.br\/index.php?rest_route=%2Fwp%2Fv2%2Fcategories&post=6688"},{"taxonomy":"post_tag","embeddable":true,"href":"https:\/\/antonini.com.br\/index.php?rest_route=%2Fwp%2Fv2%2Ftags&post=6688"}],"curies":[{"name":"wp","href":"https:\/\/api.w.org\/{rel}","templated":true}]}}