{"id":6574,"date":"2009-10-23T00:01:19","date_gmt":"2009-10-23T03:01:19","guid":{"rendered":"http:\/\/antonini.med.br\/blog\/?p=6574"},"modified":"2025-08-23T00:36:40","modified_gmt":"2025-08-23T00:36:40","slug":"a-reforma-protestante","status":"publish","type":"post","link":"https:\/\/antonini.com.br\/?p=6574","title":{"rendered":"A Reforma Protestante"},"content":{"rendered":"<p style=\"text-align: justify;\"><strong><span style=\"text-decoration: underline;\">Reforma<\/span>:<\/strong> movimento do s\u00e9culo XVI de contesta\u00e7\u00e3o \u00e0 Igreja Cat\u00f3lica e que provocou uma ruptura efetiva da unidade do pensamento crist\u00e3o ocidental.<!--more--><\/p>\n<h4 style=\"text-align: justify;\">Causas Principais da Reforma<\/h4>\n<p style=\"text-align: justify;\">a &#8211; <strong>Religiosas:<\/strong> cr\u00edticas ao comportamento do clero e ao clima de corrup\u00e7\u00e3o dentro da Igreja. Novas interpreta\u00e7\u00f5es de aspectos da B\u00edblia.<\/p>\n<p style=\"text-align: justify;\">b &#8211; <strong>S\u00f3cio-econ\u00f4micas:<\/strong> \u00e9tica religiosa mais adequada ao esp\u00edrito do capitalismo comercial; forma\u00e7\u00e3o das monarquias nacionais.<\/p>\n<p style=\"text-align: justify;\">c &#8211; <strong>Querela das indulg\u00eancias:<\/strong> um monge chamado <strong>Tetzel<\/strong> tentou vender, por ordem do Papa, indulg\u00eancias aos paroquianos do Padre <strong>Martinho Lutero<\/strong>, sendo violentamente recha\u00e7ado por este, que em forma de protesto, fechou a par\u00f3quia e afixou \u00e0 sua entrada um documento com noventa e seis teses contra a Santa S\u00e9 sendo, por isso, convidado a retratar-se e, como manteve-se fiel \u00e0 palavra empenhada, foi <strong>excomungado<\/strong> e proibido de celebrar culto ou sacramentos. Ap\u00f3s ser excomungado o ex-padre <strong>Lutero<\/strong> traduziu a B\u00edblia do Latim para o alem\u00e3o e estruturou sua Igreja, tendo como principais aliados os <strong>Pr\u00edncipes<\/strong> da regi\u00e3o que, \u00e1vidos por aumentarem seus dom\u00ednios, aproveitaram a confus\u00e3o para invadir e secularizar as terras da Igreja Cat\u00f3lica sob o pretexto de um <strong><em>&#8220;apoio&#8221;<\/em><\/strong> e <strong><em>&#8220;cren\u00e7a&#8221;<\/em><\/strong> na f\u00e9 de <strong>Lutero.<\/strong><\/p>\n<p style=\"text-align: justify;\">A educa\u00e7\u00e3o Luterana impulsionou a educa\u00e7\u00e3o p\u00fablica destinada \u00e0 alfabetiza\u00e7\u00e3o popular. O fiel deveria saber ler a B\u00edblia. Estruturou-se a educa\u00e7\u00e3o p\u00fablica protestante em tr\u00eas n\u00edveis fundamentais de ensino:<strong> Prim\u00e1rio, Secund\u00e1rio <\/strong>e <strong>Superior.<\/strong><\/p>\n<p style=\"text-align: center;\">[<a href=\"javascript:history.go(-1)\">Voltar<\/a>]<\/p>\n","protected":false},"excerpt":{"rendered":"<p>Reforma: movimento do s\u00e9culo XVI de contesta\u00e7\u00e3o \u00e0 Igreja Cat\u00f3lica e que provocou uma ruptura efetiva da unidade do pensamento crist\u00e3o ocidental.<\/p>\n","protected":false},"author":1,"featured_media":0,"comment_status":"open","ping_status":"open","sticky":false,"template":"","format":"standard","meta":{"ngg_post_thumbnail":0,"footnotes":""},"categories":[20],"tags":[],"class_list":["post-6574","post","type-post","status-publish","format-standard","hentry","category-historia"],"_links":{"self":[{"href":"https:\/\/antonini.com.br\/index.php?rest_route=\/wp\/v2\/posts\/6574","targetHints":{"allow":["GET"]}}],"collection":[{"href":"https:\/\/antonini.com.br\/index.php?rest_route=\/wp\/v2\/posts"}],"about":[{"href":"https:\/\/antonini.com.br\/index.php?rest_route=\/wp\/v2\/types\/post"}],"author":[{"embeddable":true,"href":"https:\/\/antonini.com.br\/index.php?rest_route=\/wp\/v2\/users\/1"}],"replies":[{"embeddable":true,"href":"https:\/\/antonini.com.br\/index.php?rest_route=%2Fwp%2Fv2%2Fcomments&post=6574"}],"version-history":[{"count":1,"href":"https:\/\/antonini.com.br\/index.php?rest_route=\/wp\/v2\/posts\/6574\/revisions"}],"predecessor-version":[{"id":29824,"href":"https:\/\/antonini.com.br\/index.php?rest_route=\/wp\/v2\/posts\/6574\/revisions\/29824"}],"wp:attachment":[{"href":"https:\/\/antonini.com.br\/index.php?rest_route=%2Fwp%2Fv2%2Fmedia&parent=6574"}],"wp:term":[{"taxonomy":"category","embeddable":true,"href":"https:\/\/antonini.com.br\/index.php?rest_route=%2Fwp%2Fv2%2Fcategories&post=6574"},{"taxonomy":"post_tag","embeddable":true,"href":"https:\/\/antonini.com.br\/index.php?rest_route=%2Fwp%2Fv2%2Ftags&post=6574"}],"curies":[{"name":"wp","href":"https:\/\/api.w.org\/{rel}","templated":true}]}}