{"id":6553,"date":"2009-10-22T23:47:33","date_gmt":"2009-10-23T02:47:33","guid":{"rendered":"http:\/\/antonini.med.br\/blog\/?p=6553"},"modified":"2025-08-23T00:36:40","modified_gmt":"2025-08-23T00:36:40","slug":"fundacao-e-desenvolvimento-do-cristianismo","status":"publish","type":"post","link":"https:\/\/antonini.com.br\/?p=6553","title":{"rendered":"Funda\u00e7\u00e3o e desenvolvimento do cristianismo"},"content":{"rendered":"<p style=\"text-align: justify;\">Ao par da miss\u00e3o do <strong>Mestre<\/strong> <strong>Jesus <\/strong>na terra, deve-se ressaltar seus ideais educacionais que tinham como princ\u00edpio a valoriza\u00e7\u00e3o de virtudes como o <strong>amor ao pr\u00f3ximo<\/strong>, a <strong>caridade<\/strong>, a <strong>justi\u00e7a <\/strong>e a<strong> miseric\u00f3rdia<\/strong>, o <strong>desapego pelos bens materiais<\/strong>, a <strong>\u00eanfase na busca pela grandeza interior <\/strong>e, em especial <strong>o anuncio da palavra de <em>DEUS<\/em> <\/strong>para todos os povos.<!--more--><\/p>\n<h4 style=\"text-align: justify;\">A Patr\u00edstica e Santo Agostinho<\/h4>\n<p style=\"text-align: justify;\"><strong>Patr\u00edstica<\/strong> foi a fase em que os primeiros padres da Igreja buscavam estabelecer e explicar a doutrina crist\u00e3, conciliando-a, na medida do poss\u00edvel, com a cultura greco-romana.<\/p>\n<p style=\"text-align: justify;\">O pensamento de Santo Agostinho reflete exatamente os principais passos de sua trajet\u00f3ria intelectual e que dominaram as fases anteriores: <strong>manique\u00edsmo, ceticismo, neoplatonismo <\/strong>e <strong>cristianismo.<\/strong> Defendeu que o ser humano tinha uma natureza moral inclinada para o mal. A fun\u00e7\u00e3o da educa\u00e7\u00e3o era fortalecer a vontade humana, ancorada na f\u00e9 crist\u00e3, para sobrepujar essa inclina\u00e7\u00e3o para o pecado.<\/p>\n<h4 style=\"text-align: justify;\">A Educa\u00e7\u00e3o Crist\u00e3 Medieval<\/h4>\n<p style=\"text-align: justify;\">Na idade m\u00e9dia existiam dois tipos de clero:<\/p>\n<p style=\"text-align: justify;\">a &#8211; <strong>o Clero Regular<\/strong> (de regula = regra) que era constitu\u00eddo por monges que viviam isolados e enclausurados nos mosteiros fundados por ordens religiosas;<\/p>\n<p style=\"text-align: justify;\">b &#8211; <strong>o Clero Secular<\/strong> (de s\u00e9culus = mundo) que era composto por monges e sacerdotes que viviam em contato com o mundo &#8220;<em>profano&#8221;, <\/em>com o <strong><em>&#8220;pov\u00e3o&#8221;.<\/em><\/strong><\/p>\n<p style=\"text-align: justify;\">Nos mosteiros funcionavam as<strong> Escolas Mon\u00e1sticas <\/strong>ou <strong>internatos<\/strong> e foram centros de cultura e de ensino no per\u00edodo medieva, durante o qual, preservaram em grande medida, a cultura greco-romana. Os principais mosteiros pertenciam \u00e0s Ordens religiosas dos <strong>Beneditinos<\/strong> (Ordem de S\u00e3o Bento), <strong>Franciscanos <\/strong>(Ordem de S\u00e3o Francisco), <strong>Agostinianos <\/strong>(Ordem de Santo Agostinho), <strong>Dominicanos <\/strong>(Ordem de S\u00e3o Domingos), <strong>Carmelitas<\/strong>, etc..<\/p>\n<p style=\"text-align: justify;\">A partir do s\u00e9culo XI, desenvolveram-se as <strong>Escolas Catedrais<\/strong>, junto \u00e0s Catedrais Cat\u00f3licas, ministrando as seguintes disciplinas ou mat\u00e9rias :<strong> teologia, trivium <\/strong>(<em>gram\u00e1tica, dial\u00e9tica e ret\u00f3rica<\/em>) e <strong>quadrivium<\/strong> (<em>aritm\u00e9tica, geometria, m\u00fasica e astronomia).<\/em><\/p>\n<p style=\"text-align: justify;\">Os ideais da educa\u00e7\u00e3o crist\u00e3 medieval eram: <strong>incutir obedi\u00eancia irrestrita aos dogmas crist\u00e3os. desestimular a livre investiga\u00e7\u00e3o cient\u00edfica e filos\u00f3fica que contrariasse aos dogmas estabelecidos.<\/strong><\/p>\n<h4 style=\"text-align: justify;\">A Escol\u00e1stica de S\u00e3o Tom\u00e1s de Aquino<\/h4>\n<p style=\"text-align: justify;\"><strong>Escol\u00e1stica<\/strong> era o nome dado ao movimento filos\u00f3fico cat\u00f3lico cujo problema b\u00e1sico era buscar a harmoniza\u00e7\u00e3o entre a f\u00e9 crist\u00e3 e a raz\u00e3o. Fundada pelos <strong><em>Doutor da Igreja,<\/em> Tom\u00e1s de Aquino<\/strong>, um importante fil\u00f3sofo, tinha como princ\u00edpio educacional: <strong>DEUS<\/strong> como o aut\u00eantico mestre que ensinava no \u00edntimo da alma, contudo, competia ao professor ajudar o aluno a descobrir e expressar suas potencialidades intelectuais. Dava \u00eanfase ao ensino religioso com valoriza\u00e7\u00e3o de virtudes tais como o amor ao pr\u00f3ximo.<\/p>\n<p style=\"text-align: center;\">[<a href=\"javascript:history.go(-1)\">Voltar<\/a>]<\/p>\n","protected":false},"excerpt":{"rendered":"<p>Ao par da miss\u00e3o do Mestre Jesus na terra, deve-se ressaltar seus ideais educacionais que tinham como princ\u00edpio a valoriza\u00e7\u00e3o de virtudes como o amor ao pr\u00f3ximo, a caridade, a justi\u00e7a e a miseric\u00f3rdia, o desapego pelos bens materiais, a &hellip; <a href=\"https:\/\/antonini.com.br\/?p=6553\">Continue lendo <span class=\"meta-nav\">&rarr;<\/span><\/a><\/p>\n","protected":false},"author":1,"featured_media":0,"comment_status":"open","ping_status":"open","sticky":false,"template":"","format":"standard","meta":{"ngg_post_thumbnail":0,"footnotes":""},"categories":[20],"tags":[],"class_list":["post-6553","post","type-post","status-publish","format-standard","hentry","category-historia"],"_links":{"self":[{"href":"https:\/\/antonini.com.br\/index.php?rest_route=\/wp\/v2\/posts\/6553","targetHints":{"allow":["GET"]}}],"collection":[{"href":"https:\/\/antonini.com.br\/index.php?rest_route=\/wp\/v2\/posts"}],"about":[{"href":"https:\/\/antonini.com.br\/index.php?rest_route=\/wp\/v2\/types\/post"}],"author":[{"embeddable":true,"href":"https:\/\/antonini.com.br\/index.php?rest_route=\/wp\/v2\/users\/1"}],"replies":[{"embeddable":true,"href":"https:\/\/antonini.com.br\/index.php?rest_route=%2Fwp%2Fv2%2Fcomments&post=6553"}],"version-history":[{"count":1,"href":"https:\/\/antonini.com.br\/index.php?rest_route=\/wp\/v2\/posts\/6553\/revisions"}],"predecessor-version":[{"id":29828,"href":"https:\/\/antonini.com.br\/index.php?rest_route=\/wp\/v2\/posts\/6553\/revisions\/29828"}],"wp:attachment":[{"href":"https:\/\/antonini.com.br\/index.php?rest_route=%2Fwp%2Fv2%2Fmedia&parent=6553"}],"wp:term":[{"taxonomy":"category","embeddable":true,"href":"https:\/\/antonini.com.br\/index.php?rest_route=%2Fwp%2Fv2%2Fcategories&post=6553"},{"taxonomy":"post_tag","embeddable":true,"href":"https:\/\/antonini.com.br\/index.php?rest_route=%2Fwp%2Fv2%2Ftags&post=6553"}],"curies":[{"name":"wp","href":"https:\/\/api.w.org\/{rel}","templated":true}]}}