{"id":6382,"date":"2009-10-21T14:46:04","date_gmt":"2009-10-21T17:46:04","guid":{"rendered":"http:\/\/antonini.med.br\/blog\/?p=6382"},"modified":"2025-08-23T00:36:42","modified_gmt":"2025-08-23T00:36:42","slug":"augusto-stelffeld","status":"publish","type":"post","link":"https:\/\/antonini.com.br\/?p=6382","title":{"rendered":"Os primeiros botic\u00e1rios do Paran\u00e1"},"content":{"rendered":"<p style=\"text-align: justify;\">Se \u00e9 verdade que antecipando-se aos m\u00e9dicos, encontra-se sempre um estabelecimento destinado ao fornecimento de rem\u00e9dios, desde a casa de secos e molhados e armarinhos \u00e0 botica de outrora e \u00e0 farm\u00e1cia de hoje, mesmo nos lugares de escassa popula\u00e7\u00e3o, n\u00e3o se compreende como ainda na \u00e9poca e por mais quatro anos ap\u00f3s a instala\u00e7\u00e3o da Prov\u00edncia do Paran\u00e1 (1853), n\u00e3o existisse uma \u00fanica farm\u00e1cia p\u00fablica em Curitiba, elevada ali\u00e1s \u00e0 categoria de cidade j\u00e1 no ano de 1842 e \u00e0 de vila em 1693.<!--more--><\/p>\n<p style=\"text-align: justify;\">Contudo, seus habitantes quando quisessem recorrer a rem\u00e9dios triviais ou caseiros, ind\u00edgenas ou aclimatados, podiam recorrer \u00e0s casas de neg\u00f3cio que possu\u00edam sempre variado sortimento de drogas, sais e as poucas especialidades at\u00e9 ent\u00e3o fabricadas, tais como: Opodeldoc, xarope de Naf\u00e9, de Sa\u00fade e de Salsaparilha; purgante e p\u00edlulas Le Roy, B\u00e1lsamo Homog\u00eaneo, pastilhas contra vermes (santonina), man\u00e1, sena, ruibarbo, jalapa, ipeca, merc\u00fario doce, p\u00f3s de Joanes e cremor de t\u00e1rtaro, entre outros.<\/p>\n<p style=\"text-align: justify;\">Com a instala\u00e7\u00e3o da Prov\u00edncia foi tamb\u00e9m criado o Corpo Fixo onde havia uma enfermaria e uma botica sob a dire\u00e7\u00e3o do doutor Jos\u00e9 C\u00e2ndido da Silva Muricy, m\u00e9dico militar, natural da Bahia. E um dos primeiros atos do presidente Zacarias de G\u00f3es e Vasconcelos foi a autoriza\u00e7\u00e3o de dar rem\u00e9dios gr\u00e1tis aos <strong><em>&#8220;indiv\u00edduos evidentemente pobres, n\u00e3o havendo botica alguma nesta cidade e sendo doloroso que a pobreza sofra nas suas enfermidades por falta de medicamentos.&#8221;<\/em><\/strong><\/p>\n<p style=\"text-align: justify;\">Esta autoriza\u00e7\u00e3o sem a gratuitidade tornou-se extensiva ao p\u00fablico em geral, sobretudo para o aviamento de receitas.<\/p>\n<p style=\"text-align: justify;\">Quando no ano de 1855 o c\u00f3lera come\u00e7ou a grassar em v\u00e1rias Prov\u00edncias e quando em Curitiba foram tomadas as maiores provid\u00eancias para <strong><em>&#8220;enfrentar o<\/em> <em>flagelo e limit\u00e1-lo a resultados insignificantes&#8221;<\/em> e &#8220;<em>esgotar todos os meios de evitar o mal e aplacar a justa c\u00f3lera de Deus&#8221;<\/em>, <\/strong>foi sugerida a instala\u00e7\u00e3o de uma botica <strong><em>&#8220;suficientemente sortida de medicamentos s\u00e3os e em quantidade conveniente para poder-se fornec\u00ea-los n\u00e3o s\u00f3 \u00e0 popula\u00e7\u00e3o da Capital, como \u00e0 do interior, se por infelicidade tornar isso preciso.&#8221;<\/em><\/strong><\/p>\n<p style=\"text-align: justify;\">Lembrada, igualmente, a vinda de mais algum ou alguns m\u00e9dicos militares, o doutor Muricy informou que de nada serviria a presen\u00e7a desses doutores, a vista de falta absoluta de rem\u00e9dios pr\u00f3prios para combater o mal, maxim\u00e9 serra-acima <strong><em>&#8220;onde n\u00e3o h\u00e1 uma s\u00f3 botica, tendo uma popula\u00e7\u00e3o de 30 mil a mais.&#8221;<\/em><\/strong><\/p>\n<p style=\"text-align: justify;\">Os apelos pela imprensa (a partir de 1854) eram freq\u00fcentes no sentido de se mandar vir um botic\u00e1rio da corte, movimento que tinha repercuss\u00e3o nos relat\u00f3rios presidenciais. Assim, sentado \u00e0 Assembl\u00e9ia Provincial no dia 7 de janeiro de 1857, informava que havia aproveitado a passagem casula pela Capital do m\u00e9dico franc\u00eas doutor Evaristo Gautier, <strong><em>&#8220;para ajustar com ele o estabelecimento de uma botica bem sortida na Capital, assegurando-lhe o fornecimento dos medicamentos precisos \u00e0s enfermarias sustentadas com o dinheiro p\u00fablico.&#8221;<\/em><\/strong><\/p>\n<p style=\"text-align: justify;\">Entretanto, em Paranagu\u00e1, existiam na mesma \u00e9poca, pelo menos tr\u00eas farm\u00e1cias, todas dirigidas por possuidores de<em> <strong>um t\u00edtulo legal<\/strong><\/em>: <strong>Jos\u00e9 Ferreira Giteris<\/strong>, natural do Rio de Janeiro, <strong>Joaquim Pereira Alves<\/strong>, natural de Paranagu\u00e1, ambos diplomados pela Faculdade de Medicina do Rio de Janeiro e <strong>Augusto Stellfeld<\/strong>, natural da Alemanha e chegado ao Brasil em 1851 e com o diploma revalidado em maio de 1855 na Faculdade de Medicina da corte <strong><em>sem nenhuma discrep\u00e2ncia<\/em><\/strong><\/p>\n<p style=\"text-align: justify;\">Fosse a convite do pr\u00f3prio doutor Gautier ou mesmo do doutor Muricy, Augusto Stellfeld depois de uma perman\u00eancia de dois anos em Joinville (Col\u00f4nia Dona Francisca, da qual foi um dos povoadores) e desde fins de 1853 ou princ\u00edpios de 1854 em Paranagu\u00e1, transferiu sua farm\u00e1cia para Curitiba. Ela funcionou, a princ\u00edpio, na sede da Santa Casa de Miseric\u00f3rdia e no dia 8 de abril de 1857 o seman\u00e1rio <strong><em>Dezenove de Dezembro<\/em><\/strong>, anunciava que Augusto Stellfeld havia aberto <strong><em>uma botica completamente sortida.<\/em><\/strong><\/p>\n<p style=\"text-align: justify;\">E, no expediente do dia 31 de mar\u00e7o de 1857, o Presidente da Prov\u00edncia havia enviado o seguinte of\u00edcio ao tenente coronel comandante do Corpo Fixo: <strong><em>&#8220;Tendo-se ultimamente estabelecido nesta Capital uma botica, onde podem suprir os que carecerem de medicamentos, fica cassada a autoriza\u00e7\u00e3o que tinha o m\u00e9dico desse Corpo para poder vender para fora do quartel drogas e rem\u00e9dios preparados na botica do mesmo Corpo. O que lhe comunico para sua intelig\u00eancia e execu\u00e7\u00e3o.&#8221;<\/em><\/strong><\/p>\n<p style=\"text-align: center;\">[<a href=\"javascript:history.go(-1)\">Voltar<\/a>]<\/p>\n","protected":false},"excerpt":{"rendered":"<p>Se \u00e9 verdade que antecipando-se aos m\u00e9dicos, encontra-se sempre um estabelecimento destinado ao fornecimento de rem\u00e9dios, desde a casa de secos e molhados e armarinhos \u00e0 botica de outrora e \u00e0 farm\u00e1cia de hoje, mesmo nos lugares de escassa popula\u00e7\u00e3o, &hellip; <a href=\"https:\/\/antonini.com.br\/?p=6382\">Continue lendo <span class=\"meta-nav\">&rarr;<\/span><\/a><\/p>\n","protected":false},"author":1,"featured_media":0,"comment_status":"open","ping_status":"open","sticky":false,"template":"","format":"standard","meta":{"ngg_post_thumbnail":0,"footnotes":""},"categories":[20],"tags":[],"class_list":["post-6382","post","type-post","status-publish","format-standard","hentry","category-historia"],"_links":{"self":[{"href":"https:\/\/antonini.com.br\/index.php?rest_route=\/wp\/v2\/posts\/6382","targetHints":{"allow":["GET"]}}],"collection":[{"href":"https:\/\/antonini.com.br\/index.php?rest_route=\/wp\/v2\/posts"}],"about":[{"href":"https:\/\/antonini.com.br\/index.php?rest_route=\/wp\/v2\/types\/post"}],"author":[{"embeddable":true,"href":"https:\/\/antonini.com.br\/index.php?rest_route=\/wp\/v2\/users\/1"}],"replies":[{"embeddable":true,"href":"https:\/\/antonini.com.br\/index.php?rest_route=%2Fwp%2Fv2%2Fcomments&post=6382"}],"version-history":[{"count":1,"href":"https:\/\/antonini.com.br\/index.php?rest_route=\/wp\/v2\/posts\/6382\/revisions"}],"predecessor-version":[{"id":29846,"href":"https:\/\/antonini.com.br\/index.php?rest_route=\/wp\/v2\/posts\/6382\/revisions\/29846"}],"wp:attachment":[{"href":"https:\/\/antonini.com.br\/index.php?rest_route=%2Fwp%2Fv2%2Fmedia&parent=6382"}],"wp:term":[{"taxonomy":"category","embeddable":true,"href":"https:\/\/antonini.com.br\/index.php?rest_route=%2Fwp%2Fv2%2Fcategories&post=6382"},{"taxonomy":"post_tag","embeddable":true,"href":"https:\/\/antonini.com.br\/index.php?rest_route=%2Fwp%2Fv2%2Ftags&post=6382"}],"curies":[{"name":"wp","href":"https:\/\/api.w.org\/{rel}","templated":true}]}}