{"id":6341,"date":"2009-10-21T13:58:24","date_gmt":"2009-10-21T16:58:24","guid":{"rendered":"http:\/\/antonini.med.br\/blog\/?p=6341"},"modified":"2025-08-23T00:36:42","modified_gmt":"2025-08-23T00:36:42","slug":"loja-candura-curitybana","status":"publish","type":"post","link":"https:\/\/antonini.com.br\/?p=6341","title":{"rendered":"Loja Candura Curitybana &#8211; Curitiba &#8211; PR"},"content":{"rendered":"<p style=\"text-align: justify;\"><span style=\"font-family: Arial;\">A primeira Loja Ma\u00e7\u00f4nica          fundada na Comarca de Curityba, e a segunda, na Prov\u00ednvia do Paran\u00e1,          foi a Loja &#8220;<strong>Fraternidade Coritibana<\/strong>&#8220;, tendo sido emitido seu          breve em 1\u00ba\/04\/1845\u00a0 &#8211; (Bol GOB 1896 p\u00e1g. 351).<!--more--><\/span><\/p>\n<p style=\"text-align: center;\">ngg_shortcode_0_placeholder<\/p>\n<p style=\"text-align: center;\"><span style=\"font-family: Times New Roman;\">Curitiba em 1855 &#8211; Original no Instituto              Hist\u00f3rico e Geogr\u00e1fico do Paran\u00e1.<\/span><\/p>\n<p style=\"text-align: center;\">ngg_shortcode_1_placeholder<\/p>\n<p style=\"text-align: center;\"><span style=\"font-family: Arial,Helvetica,sans-serif; font-size: x-small;\">Mapa da cidade              de Curitiba em 1857. <\/span><span style=\"font-family: Arial,Helvetica,sans-serif; font-size: x-small;\">A              popula\u00e7\u00e3o, em 1858 era de 11.313 pessoas.<\/span><\/p>\n<p style=\"text-align: justify;\"><span style=\"font-family: Arial;\">Conta-nos, o irm\u00e3o Francisco de Paula            Dias Negr\u00e3o, em &#8220;Memoria da Santa Casa de Misericordia de Curityba&#8221;,            editado em 1933, que:<\/span><\/p>\n<p style=\"text-align: justify;\"><span style=\"font-family: Arial;\"><em>&#8220;A Sociedade &#8211; &#8220;FRATERNIDADE            CURITYBANA&#8221; &#8211; cuja existencia datava de epocha anterior a 1843,            j\u00e1 em 1852 se havia constituido em sociedade philantropica, sob a denomina\u00e7\u00e3o            de &#8211; IRMANDADE DE MISERICORDIA DA CIDADE DE CURITYBA&#8221; &#8211; com o nobre            objectivo da pratica de actos de benemerencia, principalmente na pratica            de socorros \u00e1 indigentes e desvalidos. Era possuidora de um bom predio,            na ent\u00e3o Pra\u00e7a da Matriz, canto da Rua Fechada, que lhe f\u00f4ra doada pelo            Revdo. Padre Antonio Teixeira Camello, em seu testamento, ab\u00e9rto por            sua morte ocorrida em 24 de Abril de 1847 (com 63 anos de idade). Por            essa forma, ficou a Irmandade de posse daquella propriedade, que passou            a fazer parte de seu patrimonio.&#8221;<\/em><\/span><\/p>\n<p style=\"text-align: justify;\"><span style=\"font-family: Arial;\"><em>&#8220;Impressionados com as noticias,            de que a Provincia do Par\u00e1 estava sendo implacavelmente attingida pelo            &#8211; <strong>col\u00e9ra-morbus <\/strong>&#8211; e que em outros pontos do Paiz, j\u00e1 tinha irrompido            esta terrivel molestia, reuniram-se em casa do Dr. Jos\u00e9 Antonio V\u00e1z            de Carvalho, Chefe de Policia, varias pessoas gradas1, afim de tomarem            as medidas necessarias \u00e1 impedir que a molestia viesse encontrar a Provincia            desprevenida de recursos prophilaticos e hospitalares. Foi nomeada uma            commiss\u00e3o de 12 membros, da qual fazia parte o Dr. Jos\u00e9 Candido da Silva            Muricy, Medico militar residente em Curityba.<\/em><\/span><\/p>\n<p style=\"text-align: justify;\"><span style=\"font-family: Arial;\"><em>A Commiss\u00e3o, que foi constituida            em 19 de Agosto de 1855.<\/em><\/span><\/p>\n<p style=\"text-align: justify;\"><span style=\"font-family: Arial;\"><em>Em 16 de Setembro, o Dr. Muricy            apresentou ao Dr. Beaurepaire, Vice Presidente da Provincia, em exercicio,            importante relatorio, no qual salientou o valor do trabalho elaborado            pelo Dr. Paula Candido, Presidente da Commiss\u00e3o Sanitaria e Junta Central            de Higiene da Capital do Imperio; mostrou tambem, a necessidade da vinda            de mais 6 medicos e 2 pharmaceuticos, visto como, havia na Provincia,            lugares em que n\u00e3o se encontrava ao menos um <strong>curandeiro<\/strong>, havendo            falta absoluta de remedios, pouco adiantando nesse caso, a presen\u00e7a            de medicos, e sem tudo isso, n\u00e3o se poder\u00e1 combater o <strong>col\u00e9ra-morbus,            maxim\u00e9,<\/strong> em serra acima, onde n\u00e3o ha uma &#8211; unica botica &#8211; apesar            de haver uma popula\u00e7\u00e3o de cerca de 40 mil almas. \u00c9 necessaria a vinda,            n\u00e3o s\u00f3 de medicamentos, como tambem de todos os utencilios proprios            para seu preparo e manipula\u00e7\u00e3o, diz o Dr. Muricy.&#8221;<\/em><\/span><\/p>\n<p style=\"text-align: justify;\"><span> gradas1= no sentido de graudas, de            grande peso pol\u00edtico, social, ou moral na cidade<em>.<\/em><\/span><\/p>\n<p style=\"text-align: center;\">ngg_shortcode_2_placeholder<\/p>\n<p style=\"text-align: center;\"><span style=\"font-family: Times New Roman; font-size: xx-small;\"><span style=\"letter-spacing: 0pt;\">Do              jornal &#8220;19 de Dezembro&#8221;, N\u00ba 32, p\u00e1g. 3,dia 07\/11\/1855<\/span><\/span><\/p>\n<p style=\"text-align: justify;\"><strong><em>&#8220;Os membros da &#8211; &#8220;LOJA MA\u00c7ONICA &#8211; CANDURA CURITYBANA&#8221; &#8211; do Oriente de Curityba, reunidos em Sess\u00e3o especial dia 7 de Novembro de 1855, resolveram offerecer \u00e1 Irmandade da Santa Casa de Misericordia, o predio de seu Templo, a Rua Direita, hoje 13 de Maio, com todos os moveis, bens e numerarios, para patrimonio e s\u00e9de do novo hospital, dessa Irmandade, que em sess\u00e3o de 10 desse mez resolveu acceitar a nobre offerta da Loja &#8220;Candura&#8221;.<\/em><\/strong><\/p>\n<p style=\"text-align: center;\">ngg_shortcode_3_placeholder<\/p>\n<p style=\"text-align: center;\">Jornal &#8220;19 de Dezembro&#8221;, n\u00ba 33, p\u00e1g. 3, dia 14\/11\/1855.<\/p>\n<p style=\"text-align: center;\">ngg_shortcode_4_placeholder<\/p>\n<p style=\"text-align: center;\">Transcri\u00e7\u00e3o da escritura de doa\u00e7\u00e3o, no 2\u00ba Tabelionato de Notas &#8211; clique para ampliar.<\/p>\n<p style=\"text-align: justify;\">Participaram desta Loja, que confirmamos em cita\u00e7\u00f5es, os seguinte irm\u00e3os:<\/p>\n<ul>\n<li><strong> <\/strong><strong>Antonio Teixeira Camello<\/strong> ( Padre )<\/li>\n<li><strong> <\/strong><strong>C\u00e2ndido Martins Lopes<\/strong> (Pai) &#8211; Propriet\u00e1rio do Jornal &#8220;19 de Dezembro&#8221;.<\/li>\n<li><strong><\/strong><strong>Fernando\u00a0 Machado de Souza<\/strong> (Capit\u00e3o )<\/li>\n<li><strong><\/strong><strong>Jo\u00e3o Baptista Brand\u00e3o de Proen\u00e7a <\/strong><\/li>\n<li><strong><\/strong><strong>Jo\u00e3o Caetano da Silva<\/strong><\/li>\n<li><strong><\/strong><strong>Jo\u00e3o\u00a0 de Abreu S\u00e1\u00a0 Sottomaior e Araujo <\/strong>(Reverendo)<\/li>\n<li><strong><\/strong><strong>Jos\u00e9\u00a0 Borges de Macedo <\/strong>(Alferes )<br \/>\n<strong> <\/strong><\/li>\n<li><strong> Manoel\u00a0 Gon\u00e7alves de Moraes Roseira<\/strong> (Comendador)<\/li>\n<\/ul>\n<p style=\"text-align: justify;\">Transcrito de: &#8220;A Ma\u00e7onaria no Paran\u00e1&#8221; \u2013 Vol. 1 de 7, p\u00e1ginas 27 e 28 \u2013 Registro de Direitos Autorais n\u00ba 240.200.<\/p>\n<p style=\"text-align: justify;\">Transcrito da p\u00e1gina do <a href=\"http:\/\/www.museumaconicoparanaense.com\/\" target=\"_blank\" rel=\"noopener\">Museu Ma\u00e7\u00f4nico Paranaense<\/a> do Grande Oriente do Brasil<\/p>\n<p style=\"text-align: center;\">[<a href=\"javascript:history.go(-1)\">Voltar<\/a>]<\/p>\n<p style=\"text-align: center;\"><span style=\"font-family: Times New Roman; font-size: xx-small;\"><span style=\"letter-spacing: 0pt;\"><br \/>\n<\/span><\/span><\/p>\n","protected":false},"excerpt":{"rendered":"<p>A primeira Loja Ma\u00e7\u00f4nica fundada na Comarca de Curityba, e a segunda, na Prov\u00ednvia do Paran\u00e1, foi a Loja &#8220;Fraternidade Coritibana&#8220;, tendo sido emitido seu breve em 1\u00ba\/04\/1845\u00a0 &#8211; (Bol GOB 1896 p\u00e1g. 351).<\/p>\n","protected":false},"author":1,"featured_media":0,"comment_status":"open","ping_status":"open","sticky":false,"template":"","format":"standard","meta":{"ngg_post_thumbnail":0,"footnotes":""},"categories":[20],"tags":[],"class_list":["post-6341","post","type-post","status-publish","format-standard","hentry","category-historia"],"_links":{"self":[{"href":"https:\/\/antonini.com.br\/index.php?rest_route=\/wp\/v2\/posts\/6341","targetHints":{"allow":["GET"]}}],"collection":[{"href":"https:\/\/antonini.com.br\/index.php?rest_route=\/wp\/v2\/posts"}],"about":[{"href":"https:\/\/antonini.com.br\/index.php?rest_route=\/wp\/v2\/types\/post"}],"author":[{"embeddable":true,"href":"https:\/\/antonini.com.br\/index.php?rest_route=\/wp\/v2\/users\/1"}],"replies":[{"embeddable":true,"href":"https:\/\/antonini.com.br\/index.php?rest_route=%2Fwp%2Fv2%2Fcomments&post=6341"}],"version-history":[{"count":1,"href":"https:\/\/antonini.com.br\/index.php?rest_route=\/wp\/v2\/posts\/6341\/revisions"}],"predecessor-version":[{"id":29853,"href":"https:\/\/antonini.com.br\/index.php?rest_route=\/wp\/v2\/posts\/6341\/revisions\/29853"}],"wp:attachment":[{"href":"https:\/\/antonini.com.br\/index.php?rest_route=%2Fwp%2Fv2%2Fmedia&parent=6341"}],"wp:term":[{"taxonomy":"category","embeddable":true,"href":"https:\/\/antonini.com.br\/index.php?rest_route=%2Fwp%2Fv2%2Fcategories&post=6341"},{"taxonomy":"post_tag","embeddable":true,"href":"https:\/\/antonini.com.br\/index.php?rest_route=%2Fwp%2Fv2%2Ftags&post=6341"}],"curies":[{"name":"wp","href":"https:\/\/api.w.org\/{rel}","templated":true}]}}