{"id":6277,"date":"2009-10-21T12:54:01","date_gmt":"2009-10-21T15:54:01","guid":{"rendered":"http:\/\/antonini.med.br\/blog\/?p=6277"},"modified":"2025-08-23T00:38:34","modified_gmt":"2025-08-23T00:38:34","slug":"francisco-de-paula-candido","status":"publish","type":"post","link":"https:\/\/antonini.com.br\/?p=6277","title":{"rendered":"Francisco de Paula C\u00e2ndido"},"content":{"rendered":"<p style=\"text-align: justify;\">Francisco de Paula C\u00e2ndido nasceu em Minas Gerais em 2 de abril de 1805 e faleceu em Paris a 5 de abril de 1864, como descreveu o historiador da Faculdade de Medicina do Rio de Janeiro, Fernando Magalh\u00e3es.<!--more--><\/p>\n<p style=\"text-align: justify;\">Doutor em Medicina pela Faculdade de Medicina de Paris em 1832, fez concurso para a cadeira de F\u00edsica M\u00e9dica em 1833 e foi nomeado Lente. Jubilou-se em 1863. Sua Tese versou sobre <strong><em>Algumas Considera\u00e7\u00f5es Sobre a Atmosfera<\/em><\/strong><em>.<\/em> Deputado em v\u00e1rias legislaturas, foi Conselheiro de S. M. o Imperador, presidente da Junta Central de Higiene, membro titular e presidente da Academia Imperial de Medicina, comendador da Ordem da Rosa, cavaleiro da Ordem de Cristo, de modo que exerceu Paula C\u00e2ndido grande influ\u00eancia no Brasil.<\/p>\n<p style=\"text-align: justify;\">Como Lente de F\u00edsica M\u00e9dica na Faculdade de Medicina do Rio de Janeiro, recentemente criada, tinha a seu cargo o ensino dos estudantes de farm\u00e1cia, pois, durante muitos anos as aulas eram em conjunto.<\/p>\n<p style=\"text-align: justify;\">No ano de 1849 houve um surto formid\u00e1vel de febre amarela, que era end\u00eamica em v\u00e1rias regi\u00f5es do Brasil, pelo que a popula\u00e7\u00e3o das grandes cidades foi tomada de p\u00e2nico. Em face da ignor\u00e2ncia do povo, urgia tomar medidas r\u00e1pidas e en\u00e9rgicas. Os conhecimentos m\u00e9dicos eram limitados e os farmac\u00eauticos viviam em grande pobreza e em luta com os pr\u00e1ticos, que dispunham das boticas mais movimentadas. O curandeirismo imperava em toda parte e a fiscaliza\u00e7\u00e3o sanit\u00e1ria n\u00e3o passava de um mito.<\/p>\n<p style=\"text-align: justify;\">Resolveu, ent\u00e3o, o Governo Imperial criar em 14 de setembro de 1850 a Junta Central de Higiene, com Delegados nas Prov\u00edncias e a 29 do mesmo m\u00eas saiu o Regulamento, que obrigava o farmac\u00eautico a ter um n\u00famero m\u00ednimo de sais e drogas de uso comum, livros para c\u00f3pia das receitas m\u00e9dicas, formul\u00e1rio e vasilhame adequado. Nenhuma receita m\u00e9dica seria aviada, sem que ficasse c\u00f3pia no livro rubricado pela autoridade sanit\u00e1ria e somente os m\u00e9dicos podiam receitar.<\/p>\n<p style=\"text-align: justify;\">Confiou o Governo Imperial a suprema dire\u00e7\u00e3o da Junta Central de Higiene ao <strong>professor doutor Francisco de Paula C\u00e2ndido<\/strong>, cujo nome ficaria ligado \u00e0 Farm\u00e1cia Brasileira pela sua aproxima\u00e7\u00e3o com <strong>Ezequiel Correia dos Santos<\/strong>.<\/p>\n<p style=\"text-align: justify;\">Desde 1832, quando foi institu\u00eddo o Curso Farmac\u00eautico nas Faculdades de Medicina do Imp\u00e9rio, o profissional deixou de chamar-se <strong>Botic\u00e1rio<\/strong>. Daquela data em diante ficou sendo <strong>Farmac\u00eautico<\/strong>, embora o vulgo o chamasse como outrora. Como os profissionais legalmente habilitados se sentissem desamparados, tratou Ezequiel Correia dos Santos de arregimentar os colegas de boa vontade e em 30 de mar\u00e7o de 1851 fundava a Sociedade Farmac\u00eautica Brasileira. Ela visava <strong><em>&#8220;reformar imensos abusos introduzidos na pr\u00e1tica da farm\u00e1cia, com desdouro do pa\u00eds, dos farmac\u00eauticos e grave dano da sa\u00fade p\u00fablica&#8221;.<\/em> <\/strong>(Estatutos publicados em 1851). As reformas propostas na Junta Central de Higiene alarmaram os farmac\u00eauticos da Corte e a Sociedade Farmac\u00eautica Brasileira discutiu o assunto com bastante irrita\u00e7\u00e3o.<\/p>\n<p style=\"text-align: justify;\">Para que sua obra n\u00e3o fracassasse, o austero Paula C\u00e2ndido enviou a Ezequiel Correia dos Santos o seguinte of\u00edcio:<\/p>\n<p style=\"padding-left: 120px; text-align: justify;\"><em><strong>&#8220;Ilmo. Sr.<\/strong><\/em><\/p>\n<p style=\"padding-left: 120px; text-align: justify;\"><em><strong>Acha-se consignado no regulamento da Junta Central de Higiene P\u00fablica o seguinte:<\/strong><\/em><\/p>\n<p style=\"padding-left: 120px; text-align: justify;\"><em><strong>Art. 57. Da data da execu\u00e7\u00e3o deste regulamento em diante n\u00e3o se abrir\u00e3o boticas na corte e nas capitais das prov\u00edncias sem que as autoridades sanit\u00e1rias tenham examinado se est\u00e3o suficientemente sortidas de rem\u00e9dios, vasilhames, instrumentos, utens\u00edlios e livros constantes de uma tabela, que para esse fim ser\u00e1 organizada pela Junta Central, e publicada com autoriza\u00e7\u00e3o do governo.<\/strong><\/em><\/p>\n<p style=\"padding-left: 120px; text-align: justify;\"><em><strong>Art. 79. A Junta Central formar\u00e1 uma tabela explicativa das subst\u00e2ncias venenosas que podem ser expostas \u00e0 venda por botic\u00e1rios e droguistas, assim como outra das mesmas subst\u00e2ncias que podem ser empregadas nas artes e f\u00e1bricas.<\/strong><\/em><\/p>\n<p style=\"padding-left: 120px; text-align: justify;\"><em><strong>Ora, c\u00f4nscia a Junta Central de Higiene P\u00fablica de que a sociedade farmac\u00eautica jamais lhe negar\u00e1 a sua coadjuva\u00e7\u00e3o quando se tratar de regularizar e garantir o exerc\u00edcio da farm\u00e1cia no Brasil, pois que tal \u00e9 um de seus grandes fins, consagrado no cap\u00edtulo 1\u00ba de seus estatutos; e reconhecendo que ningu\u00e9m poder\u00e1 mais cabalmente desempenhar a doutrina dos dois citados artigos d\u2019aquele regulamento do que a Sociedade Farmac\u00eautica Brasileira, a qual consumada na arte que a denomina, melhor pautar\u00e1 os objetivos precisos para que uma botica possa abrir suas portas, e atrair sem defraude a confian\u00e7a p\u00fablica, a Junta de Higiene resolveu em sess\u00e3o de 25 do corrente m\u00eas socorrer-se \u00e0s luzes da Sociedade Farmac\u00eautica, e cometer-lhe a organiza\u00e7\u00e3o das tabelas requisitas nos dois referidos artigos, na convic\u00e7\u00e3o de que ela aproveitar\u00e1 este ensejo que se lhe depara, de prestar um dos importantes servi\u00e7os que promete uma associa\u00e7\u00e3o criada n\u00e3o s\u00f3 pela inspira\u00e7\u00e3o de um sentimento filantr\u00f3pico, como tamb\u00e9m pela nobre verdade que inscreveu estas palavras no alto da primeira p\u00e1gina da sua lei, como primeiro escopo da sua funda\u00e7\u00e3o: \u2018melhoramento, reforma e progresso da farm\u00e1cia no Brasil\u2019. E cabendo-lhe o grato dever de comunicar \u00e0 Sociedade Farmac\u00eautica esta resolu\u00e7\u00e3o da Junta, e de solicitar dela a acep\u00e7\u00e3o de uma tal incumb\u00eancia; assim o fa\u00e7o por interm\u00e9dio de V. S. que, como digno presidente se servir\u00e1 de transmitir-lhe o que levo exposto.<\/strong><\/em><\/p>\n<p style=\"padding-left: 120px; text-align: justify;\"><em><strong>Deus guarde a V. S.<\/strong><\/em><\/p>\n<p style=\"padding-left: 120px; text-align: justify;\"><em><strong>Rio de Janeiro, em 28 de novembro de 1851.<\/strong><\/em><\/p>\n<p style=\"padding-left: 120px; text-align: justify;\"><em><strong>Ilmo. Sr. Ezequiel Correia dos Santos, presidente da Sociedade Farmac\u00eautica Brasileira.<\/strong><\/em><\/p>\n<p style=\"padding-left: 120px; text-align: justify;\"><em><strong>Dr. Francisco de Paula C\u00e2ndido<\/strong><\/em><\/p>\n<p style=\"padding-left: 120px; text-align: justify;\"><em><strong>Presidente da Junta Central de Higiene P\u00fablica.&#8221;<\/strong><\/em><\/p>\n<p style=\"text-align: justify;\">Com esta not\u00e1vel carta, Paula C\u00e2ndido procurava elevar e moralizar o exerc\u00edcio da farm\u00e1cia no Brasil e prestigiava a primeira Sociedade Farmac\u00eautica que se fundava no pa\u00eds.<\/p>\n<p style=\"text-align: justify;\">Em 7 de junho de 1852 Ezequiel Correia dos Santos era nomeado Adjunto aos servi\u00e7os da Junta Central de Higiene P\u00fablica, para visitar as farm\u00e1cias e facilitar a obra de Paula C\u00e2ndido e quando festejamos o centen\u00e1rio da <strong>Junta Central de Higiene P\u00fablica <\/strong>e da <strong>Sociedade Farmac\u00eautica Brasileira<\/strong>, as figuras de <strong>Paula C\u00e2ndido <\/strong>e <strong>Ezequiel Correia dos Santos <\/strong>surgem como estrelas de primeira grandeza na hist\u00f3ria de nossa p\u00e1tria.<\/p>\n<p style=\"text-align: justify;\">Relativamente ao Estado de S\u00e3o Paulo, a farm\u00e1cia, propriamente, com a sua fiscaliza\u00e7\u00e3o sanit\u00e1ria, come\u00e7ou depois do decreto, que transformou a Provedoria de Sa\u00fade em Inspetoria.<\/p>\n<p style=\"text-align: justify;\">Narra <strong>Aureliano Leite<\/strong> que grandes chuvas e enchentes assinalaram a entrada de 1850 e que os escravos se sublevaram em Campinas. Com que popula\u00e7\u00e3o contava a Prov\u00edncia de S\u00e3o Paulo um s\u00e9culo atr\u00e1s? Apenas, em n\u00fameros redondos, quatrocentos mil habitantes.<\/p>\n<p style=\"text-align: center;\">[<a href=\"javascript:history.go(-1)\">Voltar<\/a>]<\/p>\n","protected":false},"excerpt":{"rendered":"<p>Francisco de Paula C\u00e2ndido nasceu em Minas Gerais em 2 de abril de 1805 e faleceu em Paris a 5 de abril de 1864, como descreveu o historiador da Faculdade de Medicina do Rio de Janeiro, Fernando Magalh\u00e3es.<\/p>\n","protected":false},"author":1,"featured_media":0,"comment_status":"open","ping_status":"open","sticky":false,"template":"","format":"standard","meta":{"ngg_post_thumbnail":0,"footnotes":""},"categories":[20],"tags":[],"class_list":["post-6277","post","type-post","status-publish","format-standard","hentry","category-historia"],"_links":{"self":[{"href":"https:\/\/antonini.com.br\/index.php?rest_route=\/wp\/v2\/posts\/6277","targetHints":{"allow":["GET"]}}],"collection":[{"href":"https:\/\/antonini.com.br\/index.php?rest_route=\/wp\/v2\/posts"}],"about":[{"href":"https:\/\/antonini.com.br\/index.php?rest_route=\/wp\/v2\/types\/post"}],"author":[{"embeddable":true,"href":"https:\/\/antonini.com.br\/index.php?rest_route=\/wp\/v2\/users\/1"}],"replies":[{"embeddable":true,"href":"https:\/\/antonini.com.br\/index.php?rest_route=%2Fwp%2Fv2%2Fcomments&post=6277"}],"version-history":[{"count":1,"href":"https:\/\/antonini.com.br\/index.php?rest_route=\/wp\/v2\/posts\/6277\/revisions"}],"predecessor-version":[{"id":29863,"href":"https:\/\/antonini.com.br\/index.php?rest_route=\/wp\/v2\/posts\/6277\/revisions\/29863"}],"wp:attachment":[{"href":"https:\/\/antonini.com.br\/index.php?rest_route=%2Fwp%2Fv2%2Fmedia&parent=6277"}],"wp:term":[{"taxonomy":"category","embeddable":true,"href":"https:\/\/antonini.com.br\/index.php?rest_route=%2Fwp%2Fv2%2Fcategories&post=6277"},{"taxonomy":"post_tag","embeddable":true,"href":"https:\/\/antonini.com.br\/index.php?rest_route=%2Fwp%2Fv2%2Ftags&post=6277"}],"curies":[{"name":"wp","href":"https:\/\/api.w.org\/{rel}","templated":true}]}}