{"id":6255,"date":"2009-10-21T12:38:36","date_gmt":"2009-10-21T15:38:36","guid":{"rendered":"http:\/\/antonini.med.br\/blog\/?p=6255"},"modified":"2025-08-23T00:38:35","modified_gmt":"2025-08-23T00:38:35","slug":"o-curso-oficial-de-farmacia-de-1832","status":"publish","type":"post","link":"https:\/\/antonini.com.br\/?p=6255","title":{"rendered":"O Curso Oficial de Farm\u00e1cia de 1832"},"content":{"rendered":"<p style=\"text-align: justify;\">Estava assim organizado o Curso de Farm\u00e1cia, anexo, da Faculdade de Medicina do Rio de Janeiro:<!--more--><\/p>\n<p style=\"text-align: justify;\"><strong> <\/strong><\/p>\n<p style=\"text-align: justify;\"><strong>1\u00ba ANO<\/strong><\/p>\n<p style=\"text-align: justify;\"><strong> <\/strong><\/p>\n<p style=\"text-align: justify;\">1\u00aa cadeira &#8211; <strong>F\u00edsica m\u00e9dica<\/strong>.<\/p>\n<p style=\"text-align: justify;\">2\u00aa cadeira &#8211; <strong>Bot\u00e2nica m\u00e9dica e princ\u00edpios elementares de zoologia<\/strong>.<\/p>\n<p style=\"text-align: justify;\"><strong> <\/strong><\/p>\n<p style=\"text-align: justify;\">\n<p style=\"text-align: justify;\"><strong>2\u00ba ANO<\/strong><\/p>\n<p style=\"text-align: justify;\"><strong> <\/strong><\/p>\n<p style=\"text-align: justify;\">1\u00aa cadeira &#8211; <strong>Repeti\u00e7\u00e3o da 2\u00aa cadeira do 1\u00ba ano<\/strong>.<\/p>\n<p style=\"text-align: justify;\">2\u00aa cadeira &#8211; <strong>Qu\u00edmica m\u00e9dica e princ\u00edpios elementares de mineralogia<\/strong>.<\/p>\n<p style=\"text-align: justify;\"><strong> <\/strong><\/p>\n<p style=\"text-align: justify;\">\n<p style=\"text-align: justify;\"><strong>3\u00ba ANO<\/strong><\/p>\n<p style=\"text-align: justify;\"><strong> <\/strong><\/p>\n<p style=\"text-align: justify;\">1\u00aa cadeira &#8211; <strong>Repeti\u00e7\u00e3o da 2\u00aa cadeira do 1\u00ba ano<\/strong>.<\/p>\n<p style=\"text-align: justify;\">2\u00aa cadeira &#8211; <strong>Mat\u00e9ria m\u00e9dica, especialmente a brasileira, farm\u00e1cia e arte de formular.<\/strong><\/p>\n<p style=\"text-align: justify;\"><strong><em> <\/em><\/strong><\/p>\n<p style=\"text-align: justify;\">\n<p style=\"text-align: justify;\"><strong><em>PREPARAT\u00d3RIOS<\/em><\/strong><\/p>\n<p style=\"text-align: justify;\"><strong><em> <\/em><\/strong><\/p>\n<p style=\"text-align: justify;\"><strong>Franc\u00eas, aritm\u00e9tica <\/strong>e <strong>geometria<\/strong>, ao menos <strong>plana<\/strong>.<\/p>\n<p style=\"text-align: justify;\">Segundo o historiador da Faculdade de Medicina do Rio de Janeiro, professor doutor Fernando Magalh\u00e3es, eram os seguintes os lentes do primeiro ano em 1833:<\/p>\n<ul>\n<li>F\u00edsica m\u00e9dica &#8211; <strong>Francisco de Paula C\u00e2ndido<\/strong>, diplomado em Paris.<\/li>\n<li>Bot\u00e2nica m\u00e9dica &#8211; <strong>Francisco Freire Alem\u00e3o<\/strong>, diplomado no Rio de Janeiro.<\/li>\n<li>Qu\u00edmica mineral &#8211; <strong>Joaquim Vicente Torres Homem<\/strong>, diplomado em Paris.<\/li>\n<\/ul>\n<p style=\"text-align: justify;\">N\u00e3o podia o Curso de Farm\u00e1cia contar com professores mais afamados e nem por isto deixou de existir o exerc\u00edcio ilegal da medicina e da farm\u00e1cia durante o reinado de D. Pedro II.<\/p>\n<p style=\"text-align: center;\">[<a href=\"javascript:history.go(-1)\">Voltar<\/a>]<\/p>\n","protected":false},"excerpt":{"rendered":"<p>Estava assim organizado o Curso de Farm\u00e1cia, anexo, da Faculdade de Medicina do Rio de Janeiro:<\/p>\n","protected":false},"author":1,"featured_media":0,"comment_status":"open","ping_status":"open","sticky":false,"template":"","format":"standard","meta":{"ngg_post_thumbnail":0,"footnotes":""},"categories":[20],"tags":[],"class_list":["post-6255","post","type-post","status-publish","format-standard","hentry","category-historia"],"_links":{"self":[{"href":"https:\/\/antonini.com.br\/index.php?rest_route=\/wp\/v2\/posts\/6255","targetHints":{"allow":["GET"]}}],"collection":[{"href":"https:\/\/antonini.com.br\/index.php?rest_route=\/wp\/v2\/posts"}],"about":[{"href":"https:\/\/antonini.com.br\/index.php?rest_route=\/wp\/v2\/types\/post"}],"author":[{"embeddable":true,"href":"https:\/\/antonini.com.br\/index.php?rest_route=\/wp\/v2\/users\/1"}],"replies":[{"embeddable":true,"href":"https:\/\/antonini.com.br\/index.php?rest_route=%2Fwp%2Fv2%2Fcomments&post=6255"}],"version-history":[{"count":1,"href":"https:\/\/antonini.com.br\/index.php?rest_route=\/wp\/v2\/posts\/6255\/revisions"}],"predecessor-version":[{"id":29868,"href":"https:\/\/antonini.com.br\/index.php?rest_route=\/wp\/v2\/posts\/6255\/revisions\/29868"}],"wp:attachment":[{"href":"https:\/\/antonini.com.br\/index.php?rest_route=%2Fwp%2Fv2%2Fmedia&parent=6255"}],"wp:term":[{"taxonomy":"category","embeddable":true,"href":"https:\/\/antonini.com.br\/index.php?rest_route=%2Fwp%2Fv2%2Fcategories&post=6255"},{"taxonomy":"post_tag","embeddable":true,"href":"https:\/\/antonini.com.br\/index.php?rest_route=%2Fwp%2Fv2%2Ftags&post=6255"}],"curies":[{"name":"wp","href":"https:\/\/api.w.org\/{rel}","templated":true}]}}