{"id":6252,"date":"2009-10-21T12:36:49","date_gmt":"2009-10-21T15:36:49","guid":{"rendered":"http:\/\/antonini.med.br\/blog\/?p=6252"},"modified":"2025-08-23T00:38:35","modified_gmt":"2025-08-23T00:38:35","slug":"o-primeiro-historiador-de-nossa-farmacia","status":"publish","type":"post","link":"https:\/\/antonini.com.br\/?p=6252","title":{"rendered":"O Primeiro Historiador de Nossa Farm\u00e1cia"},"content":{"rendered":"<p style=\"text-align: justify;\">Em 1948, escreveu Carvalho para um congresso farmac\u00eautico internacional:<!--more--><\/p>\n<p style=\"padding-left: 120px; text-align: justify;\"><strong><em>&#8220;Deixamos que os m\u00e9dicos se considerassem os pioneiros dos congressos cient\u00edficos no Brasil e ainda estamos escrevendo, que a outros cabe a primazia dos trabalhos sobre Hist\u00f3ria da Farm\u00e1cia nos pa\u00edses ibero-americanos. Entretanto, em 30 de junho de 1837 o Botic\u00e1rio Aprovado Ezequiel Correia dos Santos lia na Academia Imperial de Medicina um trabalho denominado \u2018Discurso Hist\u00f3rico sobre a Farm\u00e1cia no Brasil\u2019&#8221;.<\/em><\/strong><\/p>\n<p style=\"text-align: justify;\">Constitui um pequeno folheto, impresso em 1837 na Tipografia Imperial de F. P. Brito, estabelecida na Pra\u00e7a da Constitui\u00e7\u00e3o n.\u00ba 66, no Rio de Janeiro. Coriolano leu o folheto v\u00e1rias vezes, embora Carvalho n\u00e3o o considerasse uma fonte de erudi\u00e7\u00e3o para suas pesquisas sobre as origens da Farm\u00e1cia Portuguesa. Entretanto, pensava caber a Ezequiel Correia dos Santos a primazia de tais estudos no Continente Americano.<\/p>\n<p style=\"text-align: justify;\">Leu Carvalho, em autores chilenos, que D. Angel Vasquez, em 1863, fez um esbo\u00e7o hist\u00f3rico da farm\u00e1cia, mas, ignorava o seu conte\u00fado. Leu, tamb\u00e9m, que estudioso confrade peruano publicou um trabalho sobre a evolu\u00e7\u00e3o da farm\u00e1cia. Apesar de tanto procurar esse interessante estudo, nunca pode obter e nem mesmo um resumo das id\u00e9ias do autor.<\/p>\n<p style=\"text-align: justify;\">Em dezembro do corrente ano, em Lima, o assunto voltar\u00e1 a debate e teria de esclarecer a quem pertencia a gl\u00f3ria do primeiro estudo hist\u00f3rico sobre Farm\u00e1cia no Continente Americano e para que o Brasil n\u00e3o ficasse sem defesas, sugeriu Carvalho ao dign\u00edssimo professor doutor <strong>Ivolino de Vasconcellos<\/strong>, que mandasse colocar em apenso a Tese de Carvalho, o trabalho de Ezequiel Correia dos Santos, com um clich\u00ea do folheto existente na Biblioteca Nacional, afim de merecer f\u00e9 no debate internacional.<\/p>\n<p style=\"text-align: center;\">[<a href=\"javascript:history.go(-1)\">Voltar<\/a>]<\/p>\n","protected":false},"excerpt":{"rendered":"<p>Em 1948, escreveu Carvalho para um congresso farmac\u00eautico internacional:<\/p>\n","protected":false},"author":1,"featured_media":0,"comment_status":"open","ping_status":"open","sticky":false,"template":"","format":"standard","meta":{"ngg_post_thumbnail":0,"footnotes":""},"categories":[20],"tags":[],"class_list":["post-6252","post","type-post","status-publish","format-standard","hentry","category-historia"],"_links":{"self":[{"href":"https:\/\/antonini.com.br\/index.php?rest_route=\/wp\/v2\/posts\/6252","targetHints":{"allow":["GET"]}}],"collection":[{"href":"https:\/\/antonini.com.br\/index.php?rest_route=\/wp\/v2\/posts"}],"about":[{"href":"https:\/\/antonini.com.br\/index.php?rest_route=\/wp\/v2\/types\/post"}],"author":[{"embeddable":true,"href":"https:\/\/antonini.com.br\/index.php?rest_route=\/wp\/v2\/users\/1"}],"replies":[{"embeddable":true,"href":"https:\/\/antonini.com.br\/index.php?rest_route=%2Fwp%2Fv2%2Fcomments&post=6252"}],"version-history":[{"count":1,"href":"https:\/\/antonini.com.br\/index.php?rest_route=\/wp\/v2\/posts\/6252\/revisions"}],"predecessor-version":[{"id":29869,"href":"https:\/\/antonini.com.br\/index.php?rest_route=\/wp\/v2\/posts\/6252\/revisions\/29869"}],"wp:attachment":[{"href":"https:\/\/antonini.com.br\/index.php?rest_route=%2Fwp%2Fv2%2Fmedia&parent=6252"}],"wp:term":[{"taxonomy":"category","embeddable":true,"href":"https:\/\/antonini.com.br\/index.php?rest_route=%2Fwp%2Fv2%2Fcategories&post=6252"},{"taxonomy":"post_tag","embeddable":true,"href":"https:\/\/antonini.com.br\/index.php?rest_route=%2Fwp%2Fv2%2Ftags&post=6252"}],"curies":[{"name":"wp","href":"https:\/\/api.w.org\/{rel}","templated":true}]}}