{"id":6249,"date":"2009-10-21T12:34:54","date_gmt":"2009-10-21T15:34:54","guid":{"rendered":"http:\/\/antonini.med.br\/blog\/?p=6249"},"modified":"2025-08-23T00:38:35","modified_gmt":"2025-08-23T00:38:35","slug":"sigaud-e-a-farmacia-brasileira","status":"publish","type":"post","link":"https:\/\/antonini.com.br\/?p=6249","title":{"rendered":"Sigaud e a Farm\u00e1cia Brasileira"},"content":{"rendered":"<p style=\"text-align: justify;\">Em 12 de outubro de 1931, dizia J. Coriolano de Carvalho na Sociedade de Farm\u00e1cia e Qu\u00edmica de S\u00e3o Paulo:<!--more--><\/p>\n<p style=\"padding-left: 120px; text-align: justify;\"><em><strong>&#8220;Foi o amor \u00e0 liberdade, que conduziu \u00e0s nossas plagas, nos prim\u00f3rdios da Independ\u00eancia, um homem que devia propagar os ensinamentos hipocr\u00e1ticos da Europa e empunhar o facho luminoso da medicina cient\u00edfica. Esse homem, emigrado pol\u00edtico, chamava-se Jos\u00e9 Francisco Xavier Sigaud. Formado em medicina pela Faculdade de Strasburgo, chegou ao Rio de Janeiro em 1825. Nascido em Marselha a 2 de dezembro de 1796, aqui viveu de 1825 a 1856, falecendo aos 60 anos de idade. Culto, inteligente e ativo, Sigaud tanto conhecia os progressos da medicina, como as transforma\u00e7\u00f5es da farm\u00e1cia francesa.<\/strong><\/em><\/p>\n<p style=\"padding-left: 120px; text-align: justify;\"><em><strong>Educado numa \u00e9poca de renova\u00e7\u00e3o pol\u00edtica e cient\u00edfica, Sigaud trouxe para o Brasil a centelha das id\u00e9ias grandiosas. No Rio de Janeiro, em 1825, tudo estava por fazer.<\/strong><\/em><\/p>\n<p style=\"padding-left: 120px; text-align: justify;\"><em><strong>Seus protestos contra o abandono em que jazia a farm\u00e1cia, assumiram extraordin\u00e1ria virul\u00eancia. Dir-se-ia que falava um ardoroso botic\u00e1rio nacional. Gra\u00e7as a Sigaud e \u00e0 Sociedade de Medicina, \u00e9 que o ensino farmac\u00eautico foi oficial e cientificamente institu\u00eddo em 3 de outubro de 1832.&#8221;<\/strong><\/em><\/p>\n<p style=\"text-align: justify;\">Durante o s\u00e9culo XIX, nenhum botic\u00e1rio ou farmac\u00eautico conseguiu ser nomeado lente no Curso Anexo das Faculdades de Medicina do Rio de Janeiro e Bahia. Isto era um privil\u00e9gio dos doutores em medicina e os farmac\u00eauticos nunca passaram de auxiliares dos catedr\u00e1ticos. Entretanto, baseado em Adrien Balbi, Pedro Jos\u00e9 da Silva e em alguns comentaristas brasileiros, o ilustre professor da Universidade de Coimbra Jos\u00e9 Ramos Bandeira, figura brilhante da Farm\u00e1cia Portuguesa, numa bela confer\u00eancia, afirmou:<\/p>\n<p style=\"padding-left: 120px; text-align: justify;\"><strong><em>&#8220;Jos\u00e9 Caetano de Barros, farmac\u00eautico muito distinto, disc\u00edpulo do c\u00e9lebre catedr\u00e1tico de qu\u00edmica da Universidade de Coimbra, Thom\u00e9 Rodrigues Sobra, estabeleceu um Laborat\u00f3rio Qu\u00edmico na Escola de Medicina do Rio de Janeiro, e a\u00ed regeu a cadeira de Qu\u00edmica, em 1820.<\/em><\/strong><em>&#8220;<\/em><\/p>\n<p style=\"padding-left: 120px; text-align: justify;\"><em><strong> <\/strong><\/em><\/p>\n<p style=\"padding-left: 120px; text-align: justify;\"><em><strong>&#8220;Se consultarmos a profiss\u00e3o nos \u00faltimos tempos que precederam \u00e0 independ\u00eancia do Pa\u00eds Irm\u00e3o, teremos um diagn\u00f3stico favor\u00e1vel da doen\u00e7a que parecia vitimar a Farm\u00e1cia: o desejo ardente dos farmac\u00eauticos brasileiros de se elevarem e atingirem a cultura dos povos mais adiantados.&#8221;<\/strong><\/em><\/p>\n<p style=\"text-align: justify;\"><em><strong> <\/strong><\/em><\/p>\n<p style=\"text-align: justify;\">At\u00e9 esse momento, nada foi encontrado que justificasse o t\u00edtulo de lente atribu\u00eddo ao Botic\u00e1rio Aprovado <strong>Jos\u00e9 Caetano de Barros<\/strong>, mesmo porque s\u00f3 em 1832 foram criadas as Faculdades de Medicina do Brasil e no Rio de Janeiro havia, unicamente, a Academia M\u00e9dico-Cir\u00fargica. A menos que haja algum documento desconhecido, deve se acreditar que <strong>Aldrien Balbi <\/strong>confiou cegamente em sua mem\u00f3ria e citou <strong>Jos\u00e9 Caetano de Barros<\/strong> sem nenhuma base.<\/p>\n<p style=\"text-align: justify;\">A inexist\u00eancia, entre n\u00f3s, de uma disciplina de Hist\u00f3ria da Farm\u00e1cia, vem concorrendo para muitos equ\u00edvocos e para que nosso passado continue misterioso.<\/p>\n<p style=\"text-align: center;\">[<a href=\"javascript:history.go(-1)\">Voltar<\/a>]<\/p>\n","protected":false},"excerpt":{"rendered":"<p>Em 12 de outubro de 1931, dizia J. Coriolano de Carvalho na Sociedade de Farm\u00e1cia e Qu\u00edmica de S\u00e3o Paulo:<\/p>\n","protected":false},"author":1,"featured_media":0,"comment_status":"open","ping_status":"open","sticky":false,"template":"","format":"standard","meta":{"ngg_post_thumbnail":0,"footnotes":""},"categories":[20],"tags":[],"class_list":["post-6249","post","type-post","status-publish","format-standard","hentry","category-historia"],"_links":{"self":[{"href":"https:\/\/antonini.com.br\/index.php?rest_route=\/wp\/v2\/posts\/6249","targetHints":{"allow":["GET"]}}],"collection":[{"href":"https:\/\/antonini.com.br\/index.php?rest_route=\/wp\/v2\/posts"}],"about":[{"href":"https:\/\/antonini.com.br\/index.php?rest_route=\/wp\/v2\/types\/post"}],"author":[{"embeddable":true,"href":"https:\/\/antonini.com.br\/index.php?rest_route=\/wp\/v2\/users\/1"}],"replies":[{"embeddable":true,"href":"https:\/\/antonini.com.br\/index.php?rest_route=%2Fwp%2Fv2%2Fcomments&post=6249"}],"version-history":[{"count":1,"href":"https:\/\/antonini.com.br\/index.php?rest_route=\/wp\/v2\/posts\/6249\/revisions"}],"predecessor-version":[{"id":29870,"href":"https:\/\/antonini.com.br\/index.php?rest_route=\/wp\/v2\/posts\/6249\/revisions\/29870"}],"wp:attachment":[{"href":"https:\/\/antonini.com.br\/index.php?rest_route=%2Fwp%2Fv2%2Fmedia&parent=6249"}],"wp:term":[{"taxonomy":"category","embeddable":true,"href":"https:\/\/antonini.com.br\/index.php?rest_route=%2Fwp%2Fv2%2Fcategories&post=6249"},{"taxonomy":"post_tag","embeddable":true,"href":"https:\/\/antonini.com.br\/index.php?rest_route=%2Fwp%2Fv2%2Ftags&post=6249"}],"curies":[{"name":"wp","href":"https:\/\/api.w.org\/{rel}","templated":true}]}}