{"id":6244,"date":"2009-10-21T12:30:37","date_gmt":"2009-10-21T15:30:37","guid":{"rendered":"http:\/\/antonini.med.br\/blog\/?p=6244"},"modified":"2025-08-23T00:38:35","modified_gmt":"2025-08-23T00:38:35","slug":"a-sociedade-de-medicina","status":"publish","type":"post","link":"https:\/\/antonini.com.br\/?p=6244","title":{"rendered":"A Sociedade de Medicina"},"content":{"rendered":"<p style=\"text-align: justify;\">Na <em>tese <strong>&#8220;O Brasil na Farm\u00e1cia \u00edbero-americana&#8221;,<\/strong><\/em><strong> <\/strong>de 1948, escreveu o historiador:<!--more--><\/p>\n<p style=\"padding-left: 120px; text-align: justify;\"><strong><em>&#8220;Em 1828, v\u00e1rios m\u00e9dicos de valor, associados a dois de origem gaulesa, resolveram intervir na vida social do Rio de Janeiro e em 30 de junho de 1829 fundaram, oficialmente, a Sociedade de Medicina, centro cultural, que n\u00e3o, deve ser confundido com a Faculdade de Medicina de 1832. Esses m\u00e9dicos chamavam-se Joaquim C\u00e2ndido Soares de Meirelles, Jos\u00e9 Francisco Xavier Sigaud (emigrado pol\u00edtico franc\u00eas), Jos\u00e9 Martins da Cruz Jobim, Jean Maurice Faivre, Luis Vicente De-Simoni e Jos\u00e9 Mariano da Silva. Fundada a Sociedade de Medicina, entraram a debater as nossas necessidades e em 3 de outubro de 1832 a Reg\u00eancia criava os Cursos de Farm\u00e1cia nas duas Faculdades de Medicina do Imp\u00e9rio e cercava os diplomados de garantias legais, para estimular o acesso \u00e0 carreira farmac\u00eautica. Por decreto de 18 de maio de 1835, a Sociedade de Medicina era transformada em Academia Imperial de Medicina, com uma sec\u00e7\u00e3o de farm\u00e1cia, e considerada, desde j\u00e1, como \u00f3rg\u00e3o consultivo do Governo. Nessa ocasi\u00e3o foram admitidos v\u00e1rios botic\u00e1rios de nomeada, entre os quais desejo ressaltar os nomes de Ezequiel Correia dos Santos e Manoel Francisco Peixoto, que procuraram estudar nossa flora e desenvolver o aperfei\u00e7oamento do exerc\u00edcio profissional.&#8221;<\/em><\/strong><\/p>\n<p style=\"text-align: justify;\">Deixando de entrar em detalhes, porque os interessados poder\u00e3o consultar os trabalhos: &#8220;A Farm\u00e1cia no Rio de Janeiro&#8221;, de 1929, e &#8220;Ezequiel Correia dos Santos&#8221;, de 1947.<\/p>\n<p style=\"text-align: center;\">[<a href=\"javascript:history.go(-1)\">Voltar<\/a>]<\/p>\n","protected":false},"excerpt":{"rendered":"<p>Na tese &#8220;O Brasil na Farm\u00e1cia \u00edbero-americana&#8221;, de 1948, escreveu o historiador:<\/p>\n","protected":false},"author":1,"featured_media":0,"comment_status":"open","ping_status":"open","sticky":false,"template":"","format":"standard","meta":{"ngg_post_thumbnail":0,"footnotes":""},"categories":[20],"tags":[],"class_list":["post-6244","post","type-post","status-publish","format-standard","hentry","category-historia"],"_links":{"self":[{"href":"https:\/\/antonini.com.br\/index.php?rest_route=\/wp\/v2\/posts\/6244","targetHints":{"allow":["GET"]}}],"collection":[{"href":"https:\/\/antonini.com.br\/index.php?rest_route=\/wp\/v2\/posts"}],"about":[{"href":"https:\/\/antonini.com.br\/index.php?rest_route=\/wp\/v2\/types\/post"}],"author":[{"embeddable":true,"href":"https:\/\/antonini.com.br\/index.php?rest_route=\/wp\/v2\/users\/1"}],"replies":[{"embeddable":true,"href":"https:\/\/antonini.com.br\/index.php?rest_route=%2Fwp%2Fv2%2Fcomments&post=6244"}],"version-history":[{"count":1,"href":"https:\/\/antonini.com.br\/index.php?rest_route=\/wp\/v2\/posts\/6244\/revisions"}],"predecessor-version":[{"id":29871,"href":"https:\/\/antonini.com.br\/index.php?rest_route=\/wp\/v2\/posts\/6244\/revisions\/29871"}],"wp:attachment":[{"href":"https:\/\/antonini.com.br\/index.php?rest_route=%2Fwp%2Fv2%2Fmedia&parent=6244"}],"wp:term":[{"taxonomy":"category","embeddable":true,"href":"https:\/\/antonini.com.br\/index.php?rest_route=%2Fwp%2Fv2%2Fcategories&post=6244"},{"taxonomy":"post_tag","embeddable":true,"href":"https:\/\/antonini.com.br\/index.php?rest_route=%2Fwp%2Fv2%2Ftags&post=6244"}],"curies":[{"name":"wp","href":"https:\/\/api.w.org\/{rel}","templated":true}]}}