{"id":6159,"date":"2009-10-21T09:31:52","date_gmt":"2009-10-21T12:31:52","guid":{"rendered":"http:\/\/antonini.med.br\/blog\/?p=6159"},"modified":"2025-08-23T00:38:37","modified_gmt":"2025-08-23T00:38:37","slug":"a-padroeira-da-farmacia-moderna","status":"publish","type":"post","link":"https:\/\/antonini.com.br\/?p=6159","title":{"rendered":"A Padroeira da Farm\u00e1cia moderna"},"content":{"rendered":"<p style=\"text-align: justify;\">Transcrito do texto de mesmo nome do Farmac\u00eautico e Jornalista Dr. Agenor Marques Vieira, ex-professor de Parasitologia Aplicada \u00e0 Farm\u00e1cia, do Departamento de Patologia B\u00e1sica da Universidade Federal do Paran\u00e1.<!--more--><\/p>\n<p style=\"text-align: justify;\">ngg_shortcode_0_placeholder\u00c0 12 de mar\u00e7o de 1878 nasceu em Camigliano, um lugarejo pr\u00f3ximo de Lucca, norte da It\u00e1lia, uma menina que viria a ser considerada a Padroeira da Farm\u00e1cia. <strong>GEMMA<\/strong> <strong>GALGANI<\/strong>, filha primog\u00eanita do farmac\u00eautico <strong>Henrique Galgani<\/strong> e <strong>Aur\u00e9lia Galgani<\/strong>, desde crian\u00e7a demonstrou profundo amor e devo\u00e7\u00e3o pela profiss\u00e3o do pai e, quando morreu em 11 de abril de 1903, ap\u00f3s longa doen\u00e7a, passou a ser cultuada e venerada, sendo beatificada em 1933 e canonizada em 1940 como <strong>SANTA GEMMA GALGANI<\/strong> e declarada padroeira dos <strong>FARMAC\u00caUTICOS<\/strong> e seu dia declarado como dia do farmac\u00eautico.<\/p>\n<p style=\"text-align: justify;\">No Brasil, o dia do farmac\u00eautico \u00e9 determinado como sendo 20 de janeiro, mas na realidade, esta data \u00e9 dedicada \u00e0 S\u00e3o Sebasti\u00e3o, que \u00e9 padroeiro da Cidade do Rio de Janeiro e esta homenagem se fez n\u00e3o p\u00f4r ser o Santo um protetor dos farmac\u00eauticos, mas sim p\u00f4r motivos puramente pol\u00edticos, pois precisava-se construir uma sede para a primeira associa\u00e7\u00e3o brasileira de farmac\u00eauticos e para conseguir a doa\u00e7\u00e3o do terreno e a constru\u00e7\u00e3o do edif\u00edcio por parte do Governo Federal, adotou-se esta data de 20 de janeiro como dia do farmac\u00eautico justamente para se conseguir tal obs\u00e9quio, visto que a sede do governo naquela \u00e9poca era a cidade do Rio de Janeiro, antigo estado da Guanabara.<\/p>\n<p style=\"text-align: center;\">[<a href=\"javascript:history.go(-1)\">Voltar<\/a>]<\/p>\n","protected":false},"excerpt":{"rendered":"<p>Transcrito do texto de mesmo nome do Farmac\u00eautico e Jornalista Dr. Agenor Marques Vieira, ex-professor de Parasitologia Aplicada \u00e0 Farm\u00e1cia, do Departamento de Patologia B\u00e1sica da Universidade Federal do Paran\u00e1.<\/p>\n","protected":false},"author":1,"featured_media":0,"comment_status":"open","ping_status":"open","sticky":false,"template":"","format":"standard","meta":{"ngg_post_thumbnail":0,"footnotes":""},"categories":[20],"tags":[],"class_list":["post-6159","post","type-post","status-publish","format-standard","hentry","category-historia"],"_links":{"self":[{"href":"https:\/\/antonini.com.br\/index.php?rest_route=\/wp\/v2\/posts\/6159","targetHints":{"allow":["GET"]}}],"collection":[{"href":"https:\/\/antonini.com.br\/index.php?rest_route=\/wp\/v2\/posts"}],"about":[{"href":"https:\/\/antonini.com.br\/index.php?rest_route=\/wp\/v2\/types\/post"}],"author":[{"embeddable":true,"href":"https:\/\/antonini.com.br\/index.php?rest_route=\/wp\/v2\/users\/1"}],"replies":[{"embeddable":true,"href":"https:\/\/antonini.com.br\/index.php?rest_route=%2Fwp%2Fv2%2Fcomments&post=6159"}],"version-history":[{"count":1,"href":"https:\/\/antonini.com.br\/index.php?rest_route=\/wp\/v2\/posts\/6159\/revisions"}],"predecessor-version":[{"id":29881,"href":"https:\/\/antonini.com.br\/index.php?rest_route=\/wp\/v2\/posts\/6159\/revisions\/29881"}],"wp:attachment":[{"href":"https:\/\/antonini.com.br\/index.php?rest_route=%2Fwp%2Fv2%2Fmedia&parent=6159"}],"wp:term":[{"taxonomy":"category","embeddable":true,"href":"https:\/\/antonini.com.br\/index.php?rest_route=%2Fwp%2Fv2%2Fcategories&post=6159"},{"taxonomy":"post_tag","embeddable":true,"href":"https:\/\/antonini.com.br\/index.php?rest_route=%2Fwp%2Fv2%2Ftags&post=6159"}],"curies":[{"name":"wp","href":"https:\/\/api.w.org\/{rel}","templated":true}]}}