{"id":6139,"date":"2009-10-21T09:00:26","date_gmt":"2009-10-21T12:00:26","guid":{"rendered":"http:\/\/antonini.med.br\/blog\/?p=6139"},"modified":"2025-08-23T00:38:38","modified_gmt":"2025-08-23T00:38:38","slug":"a-revolucao-francesa","status":"publish","type":"post","link":"https:\/\/antonini.com.br\/?p=6139","title":{"rendered":"A Revolu\u00e7\u00e3o Francesa"},"content":{"rendered":"<p style=\"text-align: justify;\">Ap\u00f3s os governos de Lu\u00eds XIV e Lu\u00eds XV a Fran\u00e7a estava empobrecida. A faustosa corte real e a guerra dos 7 Anos foram um encargo demasiado grande para o pa\u00eds. Com o tesouro do estado quase falido, a perda do Canad\u00e1 e da \u00cdndia para os ingleses foi um rude golpe para a economia francesa.<!--more--><\/p>\n<p style=\"text-align: justify;\">A popula\u00e7\u00e3o da Fran\u00e7a no fim do s\u00e9culo XVIII era de aproximadamente 25 milh\u00f5es. Destes, 100 mil eram nobres e donos de todos os privil\u00e9gios. Al\u00e9m de n\u00e3o pagarem impostos, podiam cobr\u00e1-los dos camponeses residentes em suas terras. Monopolizavam os melhores cargos p\u00fablicos e tinham numerosas regalias na justi\u00e7a.<\/p>\n<p style=\"text-align: justify;\">O Clero, a segunda classe social, compreendia cerca de 400 mil pessoas. Dividia-se em alto Clero (com quase os mesmos privil\u00e9gios dos nobres) e baixo Clero, com menores regalias.<\/p>\n<p style=\"text-align: justify;\">A terceira classe da sociedade francesa e a mais numerosa (mais de 24 milh\u00f5es) formava o &#8220;Terceiro Estado&#8221;. Esta n\u00e3o tinha regalias e pagava com pesados impostos o luxo e os privil\u00e9gios das outras duas classes.<\/p>\n<p style=\"text-align: justify;\">As injusti\u00e7as sociais eram berrantes. Enquanto se desperdi\u00e7avam iguarias nos banquetes dos nobres, faltava o p\u00e3o na mesa dos oper\u00e1rios e dos camponeses. O mesmo crime praticado por um nobre ou por um membro do 3.\u00ba Estado era julgado com tratamento diferente aos r\u00e9us. Protegia-se sempre o das classes privilegiadas.<\/p>\n<p style=\"text-align: justify;\">Vendo a ca\u00f3tica situa\u00e7\u00e3o das finan\u00e7as reais, Lu\u00eds XVI tentou recuper\u00e1-las, convocando a colabora\u00e7\u00e3o de bons ministros, como Necker e Turgot. Como tomaram medidas que contrariavam o interesse dos nobres, os ministros foram afastados por interfer\u00eancia da rainha Maria Antonieta.<\/p>\n<p style=\"text-align: justify;\">Maio de 1789. Para resolver o problema financeiro, Lu\u00eds XVI resolve convocar os Estados-Gerais &#8211; Assembl\u00e9ia de Representantes do Povo que n\u00e3o se reunia desde 1614. Os deputados re\u00fanem-se e come\u00e7am a debater problemas gerais, al\u00e9m dos financeiros. O 3.\u00ba Estado exige que a vota\u00e7\u00e3o seja feita pelo n\u00famero de deputados, pois assim ganharia sempre (tinha o dobro de representantes). O Clero e a Nobreza n\u00e3o concordam. Querem vota\u00e7\u00e3o por classe.<\/p>\n<p style=\"text-align: justify;\">O 3.\u00ba Estado encontrando fechada a sala da Assembl\u00e9ia Nacional, re\u00fane-se em outro local e dali n\u00e3o se arreda, apesar da ordem do rei para dispersar-se. Finalmente, o rei cede e voltam a reunir-se as tr\u00eas classes, que passam a redigir uma Constitui\u00e7\u00e3o para a Fran\u00e7a.<\/p>\n<p style=\"text-align: justify;\">A partir de ent\u00e3o, o rei reconhece que o poder do povo limitava o seu. Era o fim do absolutismo real. Desconfiando de que o rei poderia tentar dissolver a Assembl\u00e9ia Constituinte, o povo de Paris revolta-se e ataca a Bastilha. Era a odiosa pris\u00e3o onde encarceravam os inimigos do regime (14 de julho de 1789).<\/p>\n<p style=\"text-align: center;\">ngg_shortcode_0_placeholder<\/p>\n<p style=\"text-align: justify;\">A Assembl\u00e9ia Constituinte redige a &#8220;Declara\u00e7\u00e3o dos Direitos do Homem&#8221;, na qual afirma a igualdade de todos perante a lei. Para isso muito contribu\u00edram as id\u00e9ias dos fil\u00f3sofos e enciclopedistas franceses, que haviam combatido, com suas id\u00e9ias, as injusti\u00e7as da sociedade absolutista. Tamb\u00e9m as id\u00e9ias liberais da independ\u00eancia dos Estados Unidos muito influ\u00edram na tomada de consci\u00eancia dos revolucion\u00e1rios franceses.<\/p>\n<p style=\"text-align: justify;\">Lu\u00eds XVI havia prometido obedecer \u00e0 Constitui\u00e7\u00e3o. Em dado momento, por\u00e9m, temeroso de seu destino, tentou fugir da Fran\u00e7a disfar\u00e7ado de criado. Na fronteira foi reconhecido e voltou a Paris, onde reassumiu o poder.<\/p>\n<p style=\"text-align: justify;\">Come\u00e7a em 1791, com a novel constitui\u00e7\u00e3o, a segunda fase da Revolu\u00e7\u00e3o. A Fran\u00e7a tem agora uma monarquia constitucional. e a Assembl\u00e9ia Constituinte \u00e9 substitu\u00edda pela Assembl\u00e9ia Legislativa.<\/p>\n<p style=\"text-align: justify;\">Desde os primeiros tempos da Revolu\u00e7\u00e3o, milhares de nobres tinham fugido da Fran\u00e7a. Em territ\u00f3rio austr\u00edaco, organizaram um ex\u00e9rcito que, aliado aos prussianos, invade a Fran\u00e7a e toma Verdun. Paris \u00e9 amea\u00e7ada. Lu\u00eds XVI \u00e9 acusado de trai\u00e7\u00e3o \u00e0 p\u00e1tria (por ter concordado com o ex\u00e9rcito invasor) e \u00e9 aprisionado na Assembl\u00e9ia Legislativa. O rei foi suspenso de suas fun\u00e7\u00f5es.<\/p>\n<p style=\"text-align: justify;\">A essa altura era grande a agita\u00e7\u00e3o em Paris. Marat, jornalista influente, convence o povo a invadir as pris\u00f5es: dezenas de suspeitos de trai\u00e7\u00e3o, que ali aguardavam julgamento s\u00e3o mortos.<\/p>\n<p style=\"text-align: justify;\">O ex\u00e9rcito de volunt\u00e1rios franceses, sob o comando do general Dumouriez, salva a p\u00e1tria da invas\u00e3o, vencendo os soldados prussianos em Valmy (setembro de 1792). \u00c9 conjurado o primeiro grande perigo externo enfrentado pela Revolu\u00e7\u00e3o.<\/p>\n<p style=\"text-align: justify;\">A seguir tem in\u00edcio o terceiro per\u00edodo da Revolu\u00e7\u00e3o. Come\u00e7a a reunir-se a assembl\u00e9ia conhecida como Conven\u00e7\u00e3o. Seus primeiros atos foram a Proclama\u00e7\u00e3o da Rep\u00fablica e a condena\u00e7\u00e3o de Lu\u00eds XVI \u00e0 morte, pela guilhotina (janeiro de 1793).<\/p>\n<p style=\"text-align: justify;\">A morte do rei provocou consterna\u00e7\u00e3o em toda a Europa. Temerosos dos rumos que tomava a situa\u00e7\u00e3o na Fran\u00e7a, Inglaterra, Espanha e \u00c1ustria organizam uma coliga\u00e7\u00e3o contra os revolucion\u00e1rios franceses.<\/p>\n<p style=\"text-align: justify;\">Na conven\u00e7\u00e3o reinava o desentendimento. O partido pol\u00edtico dos Girondinos, moderado, tentara por todos os meios impedir a execu\u00e7\u00e3o de Lu\u00eds XVI. Isso gerou a animosidade de Danton, tem\u00edvel orador do partido Montanh\u00eas, e de Robespierre. Os Girondinos acabaram expulsos da Conven\u00e7\u00e3o.<\/p>\n<p style=\"text-align: justify;\">Segue-se o per\u00edodo mais agitado da Revolu\u00e7\u00e3o. Sozinhos no poder os montanheses passam a julgar sumariamente todos aqueles que eram considerados inimigos da Revolu\u00e7\u00e3o. Milhares de pessoas s\u00e3o condenadas \u00e0 morte e guilhotinadas. \u00c0 frente da Junta de Salva\u00e7\u00e3o P\u00fablica, Danton e depois Robespierre presidiram \u00e0 queda da cabe\u00e7a de centenas de seus inimigos. \u00c9 o terror.<\/p>\n<p style=\"text-align: justify;\">Entre os guilhotinados estavam a rainha Maria Antonieta, o s\u00e1bio Lavoisier e o duque de Orle\u00e3s. Mais tarde o pr\u00f3prio Danton foi condenado \u00e0 morte por Robespierre.<\/p>\n<p style=\"text-align: justify;\">Segue-se um per\u00edodo em que se perseguem os crist\u00e3os, sendo atacadas as igrejas e punidos os padres. Muda-se o calend\u00e1rio religioso por um revolucion\u00e1rio. Ap\u00f3s 13 meses de sangrentas execu\u00e7\u00f5es, chega ao fim o Terror, com a condena\u00e7\u00e3o do pr\u00f3prio Robespierre, acusado de tirania. Ap\u00f3s sua morte a Fran\u00e7a come\u00e7a a experimentar um per\u00edodo de acomoda\u00e7\u00e3o, caminhando para a normalidade.<\/p>\n<p style=\"text-align: justify;\">Apesar dos dias turbulentos que viveu, a Conven\u00e7\u00e3o realizou algumas das mais not\u00e1veis obras legislativas num pa\u00eds em guerra. Criou o Sistema M\u00e9trico Decimal, o Museu do Louvre, a Escola Polit\u00e9cnica, o Conservat\u00f3rio de Franca, numerosas escolas prim\u00e1rias e o Tel\u00e9grafo A\u00e9reo.<\/p>\n<p style=\"text-align: justify;\">Al\u00e9m disso a Conven\u00e7\u00e3o redigiu a nova Constitui\u00e7\u00e3o, por meio da qual a Fran\u00e7a seria governada pelo Diret\u00f3rio. A Assembl\u00e9ia dos Quinhentos e a dos Anci\u00e3os compunham o poder ;legislativo. Os 5 membros do Diret\u00f3rio eram eleitos pelos &#8220;Anci\u00e3os&#8221;.<\/p>\n<p style=\"text-align: justify;\">Em 1795, em pleno governo do Diret\u00f3rio, a regi\u00e3o da Vend\u00e9ia \u00e9 agitada por uma rebeli\u00e3o de car\u00e1ter realista. Ao mesmo tempo travava a Fran\u00e7a duras batalhas contra seus inimigos no exterior. O Diret\u00f3rio combateu com todas as suas for\u00e7as, conseguindo repetidas vit\u00f3rias.<\/p>\n<p style=\"text-align: justify;\">Internamente foi grave a crise econ\u00f4mico &#8211; financeira que teve de ser combatida. Os Assignats (papel moeda emitido pela revolu\u00e7\u00e3o) desvalorizam-se quase totalmente, gerando desassossego. O Diret\u00f3rio &#8220;pagou&#8221; aos credores 2\/3 da d\u00edvida em t\u00edtulos sem valor. Isso levou \u00e0 bancarrota os meios financeiros.<\/p>\n<p style=\"text-align: justify;\">Nos campos de batalha do exterior, come\u00e7ava a brilhar cada vez mais a estrela de um grande general surgido da Revolu\u00e7\u00e3o: Napole\u00e3o Bonaparte. Vencida na campanha da It\u00e1lia, a \u00c1ustria \u00e9 obrigada a pedir paz.<\/p>\n<p style=\"text-align: justify;\">Para combater a Inglaterra, Napole\u00e3o vai ao Egito (onde eram grandes os interesses econ\u00f4micos ingleses). L\u00e1 n\u00e3o p\u00f4de permanecer por muito tempo, pois a \u00c1ustria, a R\u00fassia e N\u00e1poles haviam-se aliado, formando a Segunda Coliga\u00e7\u00e3o contra a Fran\u00e7a.<\/p>\n<p style=\"text-align: justify;\">O Diret\u00f3rio a esse tempo estava desgastado perante a na\u00e7\u00e3o. Era grande a corrup\u00e7\u00e3o de costumes, e os erros pol\u00edticos acumulados colocavam seus membros sob a antipatia do povo franc\u00eas. Chegando \u00e0 Fran\u00e7a, Napole\u00e3o, com a ajuda de alguns amigos, d\u00e1 um golpe de Estado, derrubando o Diret\u00f3rio e criando um novo regime: o Consulado (9 de novembro de 1799).<\/p>\n<p style=\"text-align: justify;\">Com Napole\u00e3o tem in\u00edcio um dos per\u00edodos mais grandiosos da hist\u00f3ria da Fran\u00e7a. A Revolu\u00e7\u00e3o Francesa, que lhe deu oportunidade de surgir como obscuro soldado e de subir pelo valor pessoal ao mais alto posto de sua carreira, vai ser por ele completada em muitos de seus ideais. Napole\u00e3o restabelecer\u00e1 o prest\u00edgio nacional franc\u00eas e far\u00e1 da Fran\u00e7a a mais importante na\u00e7\u00e3o europ\u00e9ia.<\/p>\n<p style=\"text-align: center;\">[<a href=\"javascript:history.go(-1)\">Voltar<\/a>]<\/p>\n","protected":false},"excerpt":{"rendered":"<p>Ap\u00f3s os governos de Lu\u00eds XIV e Lu\u00eds XV a Fran\u00e7a estava empobrecida. A faustosa corte real e a guerra dos 7 Anos foram um encargo demasiado grande para o pa\u00eds. Com o tesouro do estado quase falido, a perda &hellip; <a href=\"https:\/\/antonini.com.br\/?p=6139\">Continue lendo <span class=\"meta-nav\">&rarr;<\/span><\/a><\/p>\n","protected":false},"author":1,"featured_media":0,"comment_status":"open","ping_status":"open","sticky":false,"template":"","format":"standard","meta":{"ngg_post_thumbnail":0,"footnotes":""},"categories":[20],"tags":[],"class_list":["post-6139","post","type-post","status-publish","format-standard","hentry","category-historia"],"_links":{"self":[{"href":"https:\/\/antonini.com.br\/index.php?rest_route=\/wp\/v2\/posts\/6139","targetHints":{"allow":["GET"]}}],"collection":[{"href":"https:\/\/antonini.com.br\/index.php?rest_route=\/wp\/v2\/posts"}],"about":[{"href":"https:\/\/antonini.com.br\/index.php?rest_route=\/wp\/v2\/types\/post"}],"author":[{"embeddable":true,"href":"https:\/\/antonini.com.br\/index.php?rest_route=\/wp\/v2\/users\/1"}],"replies":[{"embeddable":true,"href":"https:\/\/antonini.com.br\/index.php?rest_route=%2Fwp%2Fv2%2Fcomments&post=6139"}],"version-history":[{"count":1,"href":"https:\/\/antonini.com.br\/index.php?rest_route=\/wp\/v2\/posts\/6139\/revisions"}],"predecessor-version":[{"id":29884,"href":"https:\/\/antonini.com.br\/index.php?rest_route=\/wp\/v2\/posts\/6139\/revisions\/29884"}],"wp:attachment":[{"href":"https:\/\/antonini.com.br\/index.php?rest_route=%2Fwp%2Fv2%2Fmedia&parent=6139"}],"wp:term":[{"taxonomy":"category","embeddable":true,"href":"https:\/\/antonini.com.br\/index.php?rest_route=%2Fwp%2Fv2%2Fcategories&post=6139"},{"taxonomy":"post_tag","embeddable":true,"href":"https:\/\/antonini.com.br\/index.php?rest_route=%2Fwp%2Fv2%2Ftags&post=6139"}],"curies":[{"name":"wp","href":"https:\/\/api.w.org\/{rel}","templated":true}]}}