{"id":6118,"date":"2009-10-20T22:33:42","date_gmt":"2009-10-21T01:33:42","guid":{"rendered":"http:\/\/antonini.med.br\/blog\/?p=6118"},"modified":"2025-08-23T00:38:38","modified_gmt":"2025-08-23T00:38:38","slug":"a-reforma-e-suas-consequencias","status":"publish","type":"post","link":"https:\/\/antonini.com.br\/?p=6118","title":{"rendered":"A Reforma e suas consequ\u00eancias"},"content":{"rendered":"<p style=\"text-align: justify;\">Durante a Idade M\u00e9dia se acreditou em tudo o que o clero dizia e esse era um dos personagens utilizados pela Igreja Cat\u00f3lica, que o copiou da mitologia grega, para aterrorizar os fi\u00e9is e mant\u00ea-los sob seu julgo cego, no decurso de toda a Idade Medieval, na chamada &#8220;IDADE DA F\u00c9 DEMAIS&#8221; e que acabou desembocando na Reforma, quando o povo come\u00e7ou a enxergar os desmandos e abusos do Clero<!--more--><\/p>\n<p style=\"text-align: center;\"><img loading=\"lazy\" decoding=\"async\" class=\"aligncenter size-full wp-image-15613\" alt=\"659\" src=\"http:\/\/cienciasdasaude.med.br\/blog\/wp-content\/uploads\/2009\/10\/659.gif\" width=\"431\" height=\"383\" \/><\/p>\n<p style=\"text-align: justify;\"><em><strong>O Drag\u00e3o engole o cavaleiro e palita os dentes com a lan\u00e7a &#8211; O cristianismo medieval segundo os chargistas contempor\u00e2neos.<\/strong><\/em><\/p>\n<p style=\"text-align: justify;\">Nos \u00faltimos anos do s\u00e9culo XV a Igreja estava a bra\u00e7os com s\u00e9rios problemas internos. Havia abusos de v\u00e1rias naturezas, falta de disciplina entre os padres, corrup\u00e7\u00e3o no alto clero, tudo isso criando um ambiente dif\u00edcil de ser tolerado por mais tempo. J\u00e1 antes, alguns l\u00edderes se haviam revoltado contra este estado de coisas, como Jo\u00e3o Huss, na Bo\u00eamia e Wiclef, na Inglaterra. Ambos pregavam a necessidade de reformar a Igreja em seus aspectos negativos, mas foram condenados como hereges.<\/p>\n<p style=\"text-align: justify;\">No come\u00e7o do s\u00e9culo XVI, um movimento mais s\u00e9rio contra a corrup\u00e7\u00e3o dos costumes eclesi\u00e1sticos toma vulto. As id\u00e9ias de Wiclef e Huss, a influ\u00eancia dos humanistas (partid\u00e1rios do livre exame das id\u00e9ias), o desregramento da corte dos Papas Alexandre VI e Le\u00e3o X, o desrespeito do celibato clerical, al\u00e9m do baixo n\u00edvel cultural do clero regular, foram algumas das raz\u00f5es desse movimento.<\/p>\n<p style=\"text-align: justify;\">ngg_shortcode_0_placeholderO l\u00edder do movimento reformador do catolicismo foi Martinho Lutero, frade agostiniano. Ao ver os dominicanos vendendo indulg\u00eancias sob ordens do Papa Le\u00e3o X, Lutero passa a negar o valor das citadas indulg\u00eancias. Afixa \u00e0 porta da catedral de Wittenberg uma lista de 95 teses, atacando v\u00e1rios pontos da doutrina cat\u00f3lica.<\/p>\n<p style=\"text-align: justify;\">Apesar da repercuss\u00e3o de seu ato, o Papa a princ\u00edpio n\u00e3o lhe d\u00e1 import\u00e2ncia, julgando tratar-se de uma simples &#8220;querela de frades&#8221;. Lutero, por\u00e9m, continua a atacar a Igreja. Convidado a retratar-se, nega-se e \u00e9 excomungado (1520).<\/p>\n<p style=\"text-align: justify;\">O Imperador Carlos V convoca a Dieta de Worms, que condena Lutero. Este esconde-se no Castelo de Wartburgo, onde traduz a B\u00edblia para o alem\u00e3o. Essa tradu\u00e7\u00e3o \u00e9 considerada obra prima, sob o aspecto liter\u00e1rio.<\/p>\n<p style=\"text-align: justify;\">As doutrinas luteranas cedo se espalharam pela Europa. Foram apoiadas por pr\u00edncipes, que nelas viam interesse para suas causas, e por camponeses que, em nome da religi\u00e3o, exigiam reformas sociais. Alastra-se pela Europa uma onda de revoltas, com inc\u00eandios de propriedades, castelos, conventos e igrejas.<\/p>\n<p style=\"text-align: justify;\">Carlos V, pela Dieta de Spira, concede a princ\u00edpio alguma liberdade de culto aos reformistas, mas pouco depois, revoga-a. Foi proibida a propaganda luterana nos territ\u00f3rios cat\u00f3licos, enquanto nos reformistas era obrigat\u00f3ria a propaganda cat\u00f3lica. Os luteranos protestaram contra Carlos V, o que lhes valeu, desde ent\u00e3o, a designa\u00e7\u00e3o de protestantes.<\/p>\n<p style=\"text-align: justify;\">Outra Dieta reuniu-se em 1530. Desta vez em Augsburgo. Os protestantes apresentam um resumo de suas cren\u00e7as ( a &#8220;Confiss\u00e3o de Augsburgo&#8221;), que Carlos V nega-se a aprovar. Em conseq\u00fc\u00eancia \u00e9 formada a Liga de Smalkalde pelos pr\u00edncipes protestantes, prontamente combatida por Carlos V. Finalmente os protestantes conquistam igualdade pol\u00edtica com os cat\u00f3licos.<\/p>\n<p style=\"text-align: justify;\">Ap\u00f3s Lutero, v\u00e1rios movimentos reformistas verificaram-se. Entre eles merecem cita\u00e7\u00e3o os de Zu\u00ednglio e Calvino. Zu\u00ednglio chefiou na Su\u00ed\u00e7a um movimento contra a igreja cat\u00f3lica e cedo conquistou certo n\u00famero de seguidores. Entretanto, pretendendo aumentar seus pros\u00e9litos, Zu\u00ednglio acaba morrendo numa guerra civil. Calvino, franc\u00eas de nascimento, elabora uma doutrina mais severa que a de Lutero. Na Fran\u00e7a come\u00e7a a ser perseguido e resolve refugiar-se na Su\u00ed\u00e7a. Ali, em Genebra, consegue grande n\u00famero de seguidores e organiza sua igreja e um semin\u00e1rio, onde se formavam os l\u00edderes, que iriam propagar suas cren\u00e7as em outras na\u00e7\u00f5es europ\u00e9ias (Fran\u00e7a, Holanda, Inglaterra e Esc\u00f3cia).<\/p>\n<p style=\"text-align: justify;\">Na Inglaterra o rei Henrique VIII foi, a princ\u00edpio, grande advers\u00e1rio de Lutero, chegando a receber o t\u00edtulo de &#8220;Defensor da F\u00e9&#8221;. Pretendeu, por\u00e9m, anular seu casamento com Catarina de Arag\u00e3o para casar-se com Ana Bolena. N\u00e3o obtendo a aprova\u00e7\u00e3o do Papa, revolta-se contra a Igreja. Proclama-se chefe da Igreja inglesa, embora n\u00e3o tenha feito nenhuma altera\u00e7\u00e3o doutrin\u00e1ria no catolicismo. Mais tarde, sua filha Isabel I estabelece o anglicanismo definitivamente.<\/p>\n<p style=\"text-align: justify;\">Verificando a extens\u00e3o do movimento protestante, o alto clero cat\u00f3lico passou a preocupar-se. Era preciso reformar a Igreja de dentro para fora. O Papa Paulo III convoca o Conc\u00edlio de Trento com essa finalidade (1545). Ap\u00f3s 18 anos de funcionamento, o Conc\u00edlio realiza profundas altera\u00e7\u00f5es na estrutura eclesi\u00e1stica, estabelecendo normas sobre as Escrituras, sacramentos, tradi\u00e7\u00e3o e v\u00e1rios outros aspectos da f\u00e9. Foi estabelecida severa disciplina entre os cl\u00e9rigos e cuidada a sua prepara\u00e7\u00e3o para o minist\u00e9rio. Foi estabelecido o catecismo romano, que passou a resumir a doutrina cat\u00f3lica.<\/p>\n<p style=\"text-align: justify;\">Segue-se um per\u00edodo de intenso trabalho no seio da Igreja. V\u00e1rios Papas, ajudados pelas ordens religiosas, dedicam-se \u00e0 propaga\u00e7\u00e3o da f\u00e9. Purificam-se os costumes, criam-se ordens dedicadas ao ensino, \u00e0 caridade e a outras formas de apostolado. A Igreja ressurge com uma nova face; essa mais crist\u00e3 e piedosa.<\/p>\n<p style=\"text-align: justify;\">A mais importante ordem religiosa ent\u00e3o criada foi a dos jesu\u00edtas. Fundada pelo espanhol In\u00e1cio de Loyola, antes militar, os jesu\u00edtas foram os principais soldados da Igreja no combate \u00e0 expans\u00e3o do protestantismo. Os jesu\u00edtas dedicaram-se especialmente \u00e0 educa\u00e7\u00e3o e \u00e0 prega\u00e7\u00e3o do Evangelho. Seus col\u00e9gios multiplicaram-se pela Europa, \u00c1sia (China, Jap\u00e3o, \u00cdndia) e Am\u00e9rica do Sul (especialmente no Brasil).<\/p>\n<p style=\"text-align: justify;\">No movimento de auto-reforma encetado pela Igreja como resposta ao protestantismo, chamou-se de &#8220;Contra-Reforma&#8221;. Ela foi eficaz e gra\u00e7as a seu esfor\u00e7o, o avan\u00e7o protestante foi detido no sul da Europa, B\u00e9lgica, Pol\u00f4nia e Hungria.<\/p>\n<p style=\"text-align: justify;\">\u00c0 reforma protestante, abra\u00e7ada por numerosos nobres em grande parte da Europa, deu lugar a v\u00e1rios conflitos chamados de &#8220;guerras de religi\u00e3o&#8221;. Na Fran\u00e7a, onde havia mais de duas mil igrejas ao tempo de Henrique II, logo os protestantes formaram um partido pol\u00edtico (Huguenotes). Seus chefes eram o Almirante Coligni, Antonio de Bourbon (rei de Navarra) e o pr\u00edncipe de Cond\u00e9.<\/p>\n<p style=\"text-align: justify;\">Apesar do aspecto religioso aparecer em primeiro plano, as guerras que se seguiram tinham suas causas pol\u00edticas e econ\u00f4micas. Aos nobres interessava fustigar a realeza que lhes combatia certos privil\u00e9gios. Assim, 8 guerras tiveram lugar na Fran\u00e7a, tombando milhares de v\u00edtimas, a maioria inocente e \u00e0 margem dos interesses em conflito. A invas\u00e3o francesa do Rio de Janeiro, em 1555 por Villegaignon, foi uma das conseq\u00fc\u00eancias dessas lutas religiosas, pol\u00edticas e econ\u00f4micas na Fran\u00e7a.<\/p>\n<p style=\"text-align: justify;\">Outra guerra sangrenta que ceifou milhares de vidas na Europa foi a dos Trinta Anos,. Al\u00e9m da causa religiosa ela tamb\u00e9m teve motiva\u00e7\u00f5es pol\u00edticas e econ\u00f4micas. Envolveu a Alemanha, \u00c1ustria, Dinamarca, Fran\u00e7a, Su\u00e9cia, It\u00e1lia, Espanha e Holanda. Terminou em 1648, com o Tratado de Westphalia, deixando mais de 1.000 cidades alem\u00e3s destru\u00eddas.<\/p>\n<p style=\"text-align: center;\">[<a href=\"javascript:history.go(-1)\">Voltar<\/a>]<\/p>\n","protected":false},"excerpt":{"rendered":"<p>Durante a Idade M\u00e9dia se acreditou em tudo o que o clero dizia e esse era um dos personagens utilizados pela Igreja Cat\u00f3lica, que o copiou da mitologia grega, para aterrorizar os fi\u00e9is e mant\u00ea-los sob seu julgo cego, no &hellip; <a href=\"https:\/\/antonini.com.br\/?p=6118\">Continue lendo <span class=\"meta-nav\">&rarr;<\/span><\/a><\/p>\n","protected":false},"author":1,"featured_media":0,"comment_status":"open","ping_status":"open","sticky":false,"template":"","format":"standard","meta":{"ngg_post_thumbnail":0,"footnotes":""},"categories":[20],"tags":[],"class_list":["post-6118","post","type-post","status-publish","format-standard","hentry","category-historia"],"_links":{"self":[{"href":"https:\/\/antonini.com.br\/index.php?rest_route=\/wp\/v2\/posts\/6118","targetHints":{"allow":["GET"]}}],"collection":[{"href":"https:\/\/antonini.com.br\/index.php?rest_route=\/wp\/v2\/posts"}],"about":[{"href":"https:\/\/antonini.com.br\/index.php?rest_route=\/wp\/v2\/types\/post"}],"author":[{"embeddable":true,"href":"https:\/\/antonini.com.br\/index.php?rest_route=\/wp\/v2\/users\/1"}],"replies":[{"embeddable":true,"href":"https:\/\/antonini.com.br\/index.php?rest_route=%2Fwp%2Fv2%2Fcomments&post=6118"}],"version-history":[{"count":1,"href":"https:\/\/antonini.com.br\/index.php?rest_route=\/wp\/v2\/posts\/6118\/revisions"}],"predecessor-version":[{"id":29888,"href":"https:\/\/antonini.com.br\/index.php?rest_route=\/wp\/v2\/posts\/6118\/revisions\/29888"}],"wp:attachment":[{"href":"https:\/\/antonini.com.br\/index.php?rest_route=%2Fwp%2Fv2%2Fmedia&parent=6118"}],"wp:term":[{"taxonomy":"category","embeddable":true,"href":"https:\/\/antonini.com.br\/index.php?rest_route=%2Fwp%2Fv2%2Fcategories&post=6118"},{"taxonomy":"post_tag","embeddable":true,"href":"https:\/\/antonini.com.br\/index.php?rest_route=%2Fwp%2Fv2%2Ftags&post=6118"}],"curies":[{"name":"wp","href":"https:\/\/api.w.org\/{rel}","templated":true}]}}