{"id":6029,"date":"2009-10-20T15:35:45","date_gmt":"2009-10-20T18:35:45","guid":{"rendered":"http:\/\/antonini.med.br\/blog\/?p=6029"},"modified":"2022-02-15T03:28:19","modified_gmt":"2022-02-15T03:28:19","slug":"as-artes-e-as-letras-na-idade-media","status":"publish","type":"post","link":"https:\/\/antonini.com.br\/?p=6029","title":{"rendered":"As artes e as letras na Idade M\u00e9dia"},"content":{"rendered":"<p style=\"text-align: justify;\">Durante a Idade M\u00e9dia a Igreja foi o ref\u00fagio das letras e das artes. As invas\u00f5es dos b\u00e1rbaros desorganizaram a cultura romana e fizeram, em muitos casos, retroceder a ci\u00eancia e as artes. Gra\u00e7as aos monges, em seus conventos, puderam salvar-se numerosos documentos antigos e preservar-se a cultura que chegou at\u00e9 n\u00f3s.<!--more--><\/p>\n<p align=\"justify\">Al\u00e9m do papel moderador exercido pela Igreja, n\u00e3o permitindo injusti\u00e7as excessivas nas rela\u00e7\u00f5es entre a sociedade feudal, ela estimulou, sempre que poss\u00edvel, a cultura em todo o territ\u00f3rio europeu.<\/p>\n<p align=\"justify\">As primeiras universidades foram fundadas pela Igreja nos tempos medievais. (Mais de 50 s\u00f3 no s\u00e9culo XIV, a maioria criada e mantida pela Igreja). Entre elas destacaram-se as de Paris, Bolonha, Salamanca, Oxford, Salerno, Roma, Coimbra, Cambridge e Heidelberg. Os principais campos de especula\u00e7\u00e3o e estudo eram: a teologia, a filosofia, o direito, a medicina e as letras. Entre os mais not\u00e1veis vultos da \u00e9poca merecem ser citados: Bacon, Abelardo, S\u00e3o Tom\u00e1s de Aquino e Santo Anselmo.<\/p>\n<p align=\"justify\">A arquitetura medieval edificou castelos, catedrais, mesquitas (islamitas) e pal\u00e1cios. Foram not\u00e1veis as novas formas ent\u00e3o surgidas (o rom\u00e2ntico e o g\u00f3tico). Surgem as ogivas, as ros\u00e1ceas e os arcos truncados. Entre as mais belas catedrais da \u00e9poca est\u00e3o: Notre Dame, Reims, Col\u00f4nia, Mil\u00e3o e Amiens.<\/p>\n<p align=\"justify\">As miniaturas, trabalhosamente executadas em manuscritos pelos frades copistas, est\u00e3o entre as mais belas manifesta\u00e7\u00f5es da pintura medieval. Al\u00e9m disso podem ser citados os mestres do afresco: Giotto, Cimabue e Fra Ang\u00e9lico.<\/p>\n<p align=\"justify\">No campo da m\u00fasica foram inventadas as notas da escala musical pelo monge beneditino Guido D\u2019Arezzo. O canto Gregoriano, oficializado pela Igreja, \u00e9 ainda hoje executado.<\/p>\n<p align=\"justify\">Na literatura merecem men\u00e7\u00e3o as &#8220;Can\u00e7\u00f5es de Gesta&#8221; francesas; o &#8220;Romanceiro&#8221; espanhol; o &#8220;Cancioneiro de D. Dinis&#8221; e as &#8220;Cr\u00f4nicas&#8221; de Fern\u00e3o Lopes, em Portugal; a &#8220;Divina Com\u00e9dia&#8221; de Dante Alighieri, na It\u00e1lia.<\/p>\n<p align=\"justify\">Estas manifesta\u00e7\u00f5es foram o embri\u00e3o da grande explos\u00e3o art\u00edstica que se verificaria anos depois, principalmente na It\u00e1lia &#8211; o Renascimento.<\/p>\n<p style=\"text-align: center;\">[<a href=\"javascript:history.go(-1)\">Voltar<\/a>]<\/p>\n","protected":false},"excerpt":{"rendered":"<p>Durante a Idade M\u00e9dia a Igreja foi o ref\u00fagio das letras e das artes. As invas\u00f5es dos b\u00e1rbaros desorganizaram a cultura romana e fizeram, em muitos casos, retroceder a ci\u00eancia e as artes. Gra\u00e7as aos monges, em seus conventos, puderam &hellip; <a href=\"https:\/\/antonini.com.br\/?p=6029\">Continue lendo <span class=\"meta-nav\">&rarr;<\/span><\/a><\/p>\n","protected":false},"author":1,"featured_media":0,"comment_status":"open","ping_status":"open","sticky":false,"template":"","format":"standard","meta":{"ngg_post_thumbnail":0,"footnotes":""},"categories":[27],"tags":[],"class_list":["post-6029","post","type-post","status-publish","format-standard","hentry","category-noticias"],"_links":{"self":[{"href":"https:\/\/antonini.com.br\/index.php?rest_route=\/wp\/v2\/posts\/6029","targetHints":{"allow":["GET"]}}],"collection":[{"href":"https:\/\/antonini.com.br\/index.php?rest_route=\/wp\/v2\/posts"}],"about":[{"href":"https:\/\/antonini.com.br\/index.php?rest_route=\/wp\/v2\/types\/post"}],"author":[{"embeddable":true,"href":"https:\/\/antonini.com.br\/index.php?rest_route=\/wp\/v2\/users\/1"}],"replies":[{"embeddable":true,"href":"https:\/\/antonini.com.br\/index.php?rest_route=%2Fwp%2Fv2%2Fcomments&post=6029"}],"version-history":[{"count":1,"href":"https:\/\/antonini.com.br\/index.php?rest_route=\/wp\/v2\/posts\/6029\/revisions"}],"predecessor-version":[{"id":30962,"href":"https:\/\/antonini.com.br\/index.php?rest_route=\/wp\/v2\/posts\/6029\/revisions\/30962"}],"wp:attachment":[{"href":"https:\/\/antonini.com.br\/index.php?rest_route=%2Fwp%2Fv2%2Fmedia&parent=6029"}],"wp:term":[{"taxonomy":"category","embeddable":true,"href":"https:\/\/antonini.com.br\/index.php?rest_route=%2Fwp%2Fv2%2Fcategories&post=6029"},{"taxonomy":"post_tag","embeddable":true,"href":"https:\/\/antonini.com.br\/index.php?rest_route=%2Fwp%2Fv2%2Ftags&post=6029"}],"curies":[{"name":"wp","href":"https:\/\/api.w.org\/{rel}","templated":true}]}}