{"id":5993,"date":"2009-10-20T00:45:11","date_gmt":"2009-10-20T03:45:11","guid":{"rendered":"http:\/\/antonini.med.br\/blog\/?p=5993"},"modified":"2025-08-23T00:38:41","modified_gmt":"2025-08-23T00:38:41","slug":"as-grandes-invasoes","status":"publish","type":"post","link":"https:\/\/antonini.com.br\/?p=5993","title":{"rendered":"As grandes invas\u00f5es"},"content":{"rendered":"<p style=\"text-align: justify;\">O Imp\u00e9rio Romano dominou vastas \u00e1reas que iam das ilhas brit\u00e2nicas \u00e0 \u00c1sia, do norte da Europa \u00e0 \u00c1frica setentrional. Enquanto forte e organizada, Roma mantinha a ordem em todas as prov\u00edncias. Seus vizinhos &#8211; os &#8220;b\u00e1rbaros&#8221; &#8211; eram detidos al\u00e9m das fronteiras imperiais pelas suas poderosas legi\u00f5es.<!--more--><\/p>\n<p style=\"text-align: justify;\">Os povos &#8220;b\u00e1rbaros&#8221; a princ\u00edpio manifestavam seu respeito \u00e0 grandeza de Roma, mantendo-se \u00e0 dist\u00e2ncia. dedicavam-se \u00e0 pequena agricultura e \u00e0 cria\u00e7\u00e3o de gado &#8211; sua principal atividade econ\u00f4mica. O trabalho era obra das mulheres. Aos homens, que cultuavam a liberdade acima de tudo, cabia a tarefa da guerra e dos exerc\u00edcios f\u00edsicos. Viviam em acampamentos humildes, geralmente formados por r\u00fasticas casas de madeira. Inicialmente obedeciam a um chefe local &#8211; o mais destemido e melhor guerreiro.<\/p>\n<p style=\"text-align: justify;\">As terras do Imp\u00e9rio Romano eram f\u00e9rteis e cobi\u00e7adas. Ao mesmo tempo, a fama de Roma, de seus tesouros, tentava os b\u00e1rbaros a aventuras de conquista. A princ\u00edpio, com os romanos ainda fortes, procuram obter permiss\u00e3o para ocupar pacificamente as regi\u00f5es fronteiri\u00e7as. Apenas cultivavam o solo e defendiam-no de invasores.<\/p>\n<p style=\"text-align: justify;\">Por outro lado, gra\u00e7as \u00e0 sua bravura, soldados de origem b\u00e1rbara s\u00e3o admitidos nas legi\u00f5es romanas para defender o Imp\u00e9rio como mercen\u00e1rios. O mais famoso deles foi Estilic\u00e3o, que chegou a ser nomeado general romano pelo Imperador Hon\u00f3rio.<\/p>\n<p style=\"text-align: justify;\">Durante o s\u00e9culo IV ocorreu essa lenta infiltra\u00e7\u00e3o pac\u00edfica dos b\u00e1rbaros dentro das fronteiras do Imp\u00e9rio. \u00c0 medida que os anos passavam, Roma entrava em decad\u00eancia com a desuni\u00e3o e lutas internas. Isso veio estimular outra forma de invas\u00e3o do Imp\u00e9rio: desta vez violenta e belicosa. Foi o que se chamou de &#8220;as grandes invas\u00f5es&#8221;.<\/p>\n<p style=\"text-align: justify;\">Os Visigodos, que at\u00e9 ent\u00e3o habitavam as regi\u00f5es pr\u00f3ximas ao rio Dnieper, sofrendo ataque dos Hunos, violento povo origin\u00e1rio da \u00c1sia, for\u00e7aram as terras de Roma. Chefiados por Alarico invadiram a It\u00e1lia, saquearam Roma e s\u00f3 n\u00e3o atingiram o norte da \u00c1frica, porque Alarico faleceu (410).<\/p>\n<p style=\"text-align: justify;\">Seu sucessor, Ataulfo, aliou-se ao imperador romano Hon\u00f3rio, com cuja irm\u00e3 se casou. Atrav\u00e9s dessa uni\u00e3o ocupou as terras da G\u00e1lia (atual Fran\u00e7a e parte da Espanha) onde estabeleceu o reino dos Visigodos. Mais tarde, perderam a atual Fran\u00e7a aos francos. Refugiaram-se os Visigodos no territ\u00f3rio hoje espanhol, at\u00e9 serem ali vencidos pelos \u00e1rabes (711).<\/p>\n<p style=\"text-align: justify;\">O in\u00edcio do s\u00e9culo V foi o tempo das grandes invas\u00f5es. Al\u00e9m dos Visigodos, que se dirigiam em dire\u00e7\u00e3o \u00e0 pen\u00ednsula Ib\u00e9rica, outros povos germanos (Suevos, v\u00e2ndalos, borg\u00fandios, alanos) atacaram a G\u00e1lia numa invas\u00e3o em massa. Os soldados abriam caminho para pesadas carro\u00e7as, puxadas por bois, que transportavam mulheres, crian\u00e7as e seus pertences, prontos a se estabelecerem nas novas terras (406).<\/p>\n<p style=\"text-align: justify;\">Os borg\u00fandios resolvem estabelecer-se no vale do rio R\u00f3dano, onde fundam seu reino (o da Borgonha). Suevos, v\u00e2ndalos e alanos transp\u00f5em os Pirineus e invadem a Espanha, onde v\u00e3o disputar as terras com seus predecessores &#8211; os Visigodos.<\/p>\n<p style=\"text-align: justify;\">Suevos e alanos, n\u00e3o conseguindo vencer os Visigodos, submetem-se. Os v\u00e2ndalos, por\u00e9m, ocupam parte da pen\u00ednsula, invadem a \u00c1frica do Norte e, sob o rei Genserico, cruzam o Mediterr\u00e2neo, atacando Roma. Vencida, a cidade \u00e9 impiedosamente saqueada.<br \/>\nAos poucos o antigo Imp\u00e9rio Romano ia sendo ocupado pelos mais diversos povos b\u00e1rbaros. Diante do fato consumado, os \u00faltimos imperadores fazem acordo com os novos reinos, surgindo uma esp\u00e9cie de Confedera\u00e7\u00e3o B\u00e1rbaro-Romana.<\/p>\n<p style=\"text-align: justify;\">Nos meados do s\u00e9culo V outra terr\u00edvel invas\u00e3o teve lugar. Os hunos, vindos da regi\u00e3o da atual Hungria, sob o comando de \u00c1tila, promovem v\u00e1rias investidas em dire\u00e7\u00e3o da G\u00e1lia. Gra\u00e7as \u00e0 habilidade do general romano A\u00e9cio, s\u00e3o detidos (batalha dos Campos Catala\u00fanicos &#8211; 451).<\/p>\n<p style=\"text-align: justify;\">Ainda uma vez \u00c1tila tenta atacar Roma, mas \u00e9 batido e retira-se para o vale do rio Dan\u00fabio onde vem a falecer subitamente (453). A seguir os hunos desorganizam-se e perdem sua capacidade de luta. Com a desarticula\u00e7\u00e3o dos hunos, os Ostrogodos que at\u00e9 ent\u00e3o viviam sob seu dom\u00ednio, libertam-se. Dirigem-se, ent\u00e3o, da atual Hungria para a It\u00e1lia.<\/p>\n<p style=\"text-align: justify;\">Outro povo b\u00e1rbaro, os H\u00e9rulos, havia ocupado a It\u00e1lia e destronado o \u00faltimo imperador romano &#8211; o jovem R\u00f4mulo Aug\u00fastulo. Recusando o t\u00edtulo de Imperador de Roma, o chefe h\u00e9rulo &#8211; Odoacro &#8211; aceita o de &#8220;Rei da It\u00e1lia&#8221;(476). A sede do seu reino \u00e9 estabelecida em Ravena.<\/p>\n<p style=\"text-align: justify;\">Os Ostrogodos, rec\u00e9m-chegados da Hungria, ap\u00f3s se libertarem dos hunos, passam a disputar a It\u00e1lia a Odoacro. A princ\u00edpio seu chefe, Teodorico, faz uma alian\u00e7a com Odoacro, passando a governar em sociedade. Mais tarde, Teodorico assassina Odoacro em um banquete, tornando-se \u00fanico soberano da It\u00e1lia.<\/p>\n<p style=\"text-align: justify;\">Teodorico faz bom governo. Aos poucos v\u00e3o sendo feitas uni\u00f5es entre romanos e b\u00e1rbaros. O cristianismo \u00e9 abra\u00e7ado pela maioria e o Papa fortalece sua posi\u00e7\u00e3o de chefe espiritual e pol\u00edtico.<\/p>\n<p style=\"text-align: justify;\">Uma \u00faltima invas\u00e3o b\u00e1rbara varre a It\u00e1lia, de onde s\u00e3o expulsos os Ostrogodos. S\u00e3o os lombardos, que ocupam grande parte do norte da pen\u00ednsula (atual Lombardia). Como o rei lombardo Desid\u00e9rio pretendesse tomar cidade de Roma, o Papa apela para o rei dos francos, Carlos Magno, que os ataca e vence, salvando a sede do cristianismo do Ocidente.<\/p>\n<p style=\"text-align: justify;\">Nas ilhas brit\u00e2nicas viviam os bret\u00f5es (Gr\u00e3 Bretanha). Durante a ocupa\u00e7\u00e3o romana viveram em seguran\u00e7a. Com a invas\u00e3o da G\u00e1lia pelos b\u00e1rbaros, os romanos retiraram suas legi\u00f5es da atual Inglaterra. Disso se aproveitaram os escotos, povo do norte da ilha (atual Esc\u00f3cia), para amea\u00e7arem os bret\u00f5es.<\/p>\n<p style=\"text-align: justify;\">Estes, para defender-se, pedem apoio aos anglos e Sax\u00f5es (povos germanos do norte da Europa). Ap\u00f3s vencerem os escotos, os anglo-sax\u00f5es submetem os bret\u00f5es. Os que n\u00e3o aceitaram viver sob o dom\u00ednio dos invasores fogem para a pen\u00ednsula Armoricana (atual Bretanha na Fran\u00e7a), onde passam a viver.<\/p>\n<h4 style=\"text-align: justify;\">Alarico &#8211; O B\u00e1rbaro que Humilhou Roma<\/h4>\n<p style=\"text-align: justify;\">ngg_shortcode_0_placeholderEntre os chefes Visigodos que assediaram o Imp\u00e9rio Romano, nenhum foi da dimens\u00e3o de Alarico. A princ\u00edpio prestava servi\u00e7os ao Imperador do Ocidente, Hon\u00f3rio, em troca de um soldo anual. Mas Alarico cedo se tornou uma amea\u00e7a. Seu verdadeiro nome seria Ala-Reik e teria vivido de 376 a 410. Desentendendo-se com o Imperador do Oriente, Arc\u00e1dio, Alarico atingiu com suas tropas a pen\u00ednsula grega e pretendeu destruir Constantinopla.<\/p>\n<p style=\"text-align: justify;\">Gra\u00e7as \u00e0s tropas de Estilic\u00e3o (outro b\u00e1rbaro a servi\u00e7o do Imp\u00e9rio do Oriente), Alarico foi detido com seus milhares de soldados. Derrotado, volta-se para oeste e avan\u00e7a atrav\u00e9s dos Alpes, da plan\u00edcie do P\u00f3 e dos Apeninos, em dire\u00e7\u00e3o a Roma. Suas tropas foram aumentadas com os b\u00e1rbaros de Estilic\u00e3o, ap\u00f3s o assassinato deste, a mando de Arc\u00e1dio.<\/p>\n<p style=\"text-align: justify;\">Alarico sitia Roma, deixando-a sem alimentos. Al\u00e9m da fome, come\u00e7a a alastrar-se pela cidade uma epidemia de peste, resultado dos milhares de cad\u00e1veres insepultos. Os romanos, desesperados, sufocam seu orgulho e imploram a Alarico que se retire. O chefe Visigodos exige, para isso, todo o outro e prata da cidade como resgate, al\u00e9m da liberta\u00e7\u00e3o de cerca de 40 mil escravos b\u00e1rbaros. Aos decepcionados embaixadores romanos, que lhe perguntaram &#8220;que nos deixas, pois?&#8221;, respondeu simplesmente: &#8220;a vida&#8230;&#8221;.<\/p>\n<p style=\"text-align: justify;\">Mais tarde, outra vez Alarico sitia Roma, que cai no dia 24 de agosto de 410. Seguem-se 3 dias de saque e de sangrenta matan\u00e7a, da qual participaram os 40 mil escravos libertados do s\u00edtio anterior.<\/p>\n<p style=\"text-align: justify;\">A seguir Alarico retira-se para o sul da It\u00e1lia, pretendendo atacar a Sic\u00edlia. Morre, por\u00e9m, aos 34 anos, sem atingir seu objetivo. Foi enterrado, juntamente com grande soma de ouro e prata, no leito do rio Busento, desviado de seu curso pelos escravos, para o sepultamento. Ap\u00f3s a volta das \u00e1guas a seu curso normal, os escravos foram degolados, garantindo-se, assim, o repouso final de Alarico contra a viola\u00e7\u00e3o da sepultura pelos inimigos.<\/p>\n<p style=\"text-align: center;\">[<a href=\"javascript:history.go(-1)\">Voltar<\/a>]<\/p>\n","protected":false},"excerpt":{"rendered":"<p>O Imp\u00e9rio Romano dominou vastas \u00e1reas que iam das ilhas brit\u00e2nicas \u00e0 \u00c1sia, do norte da Europa \u00e0 \u00c1frica setentrional. Enquanto forte e organizada, Roma mantinha a ordem em todas as prov\u00edncias. Seus vizinhos &#8211; os &#8220;b\u00e1rbaros&#8221; &#8211; eram detidos &hellip; <a href=\"https:\/\/antonini.com.br\/?p=5993\">Continue lendo <span class=\"meta-nav\">&rarr;<\/span><\/a><\/p>\n","protected":false},"author":1,"featured_media":0,"comment_status":"open","ping_status":"open","sticky":false,"template":"","format":"standard","meta":{"ngg_post_thumbnail":0,"footnotes":""},"categories":[20],"tags":[],"class_list":["post-5993","post","type-post","status-publish","format-standard","hentry","category-historia"],"_links":{"self":[{"href":"https:\/\/antonini.com.br\/index.php?rest_route=\/wp\/v2\/posts\/5993","targetHints":{"allow":["GET"]}}],"collection":[{"href":"https:\/\/antonini.com.br\/index.php?rest_route=\/wp\/v2\/posts"}],"about":[{"href":"https:\/\/antonini.com.br\/index.php?rest_route=\/wp\/v2\/types\/post"}],"author":[{"embeddable":true,"href":"https:\/\/antonini.com.br\/index.php?rest_route=\/wp\/v2\/users\/1"}],"replies":[{"embeddable":true,"href":"https:\/\/antonini.com.br\/index.php?rest_route=%2Fwp%2Fv2%2Fcomments&post=5993"}],"version-history":[{"count":1,"href":"https:\/\/antonini.com.br\/index.php?rest_route=\/wp\/v2\/posts\/5993\/revisions"}],"predecessor-version":[{"id":29778,"href":"https:\/\/antonini.com.br\/index.php?rest_route=\/wp\/v2\/posts\/5993\/revisions\/29778"}],"wp:attachment":[{"href":"https:\/\/antonini.com.br\/index.php?rest_route=%2Fwp%2Fv2%2Fmedia&parent=5993"}],"wp:term":[{"taxonomy":"category","embeddable":true,"href":"https:\/\/antonini.com.br\/index.php?rest_route=%2Fwp%2Fv2%2Fcategories&post=5993"},{"taxonomy":"post_tag","embeddable":true,"href":"https:\/\/antonini.com.br\/index.php?rest_route=%2Fwp%2Fv2%2Ftags&post=5993"}],"curies":[{"name":"wp","href":"https:\/\/api.w.org\/{rel}","templated":true}]}}