{"id":5875,"date":"2009-10-19T19:55:12","date_gmt":"2009-10-19T22:55:12","guid":{"rendered":"http:\/\/antonini.med.br\/blog\/?p=5875"},"modified":"2025-08-23T00:38:43","modified_gmt":"2025-08-23T00:38:43","slug":"das-origem-do-homem-ate-as-primeiras-civilizacoes","status":"publish","type":"post","link":"https:\/\/antonini.com.br\/?p=5875","title":{"rendered":"Das origem do homem at\u00e9 as primeiras civiliza\u00e7\u00f5es"},"content":{"rendered":"<p style=\"text-align: justify;\">O primata assumiu a <strong>postura vertical<\/strong><\/p>\n<p style=\"text-align: justify;\">E assim nasceu o <strong><em><span style=\"color: #ff0000;\">Homo erectus<\/span><\/em><\/strong><\/p>\n<p style=\"text-align: justify;\">&#8220;O homem fabricou os seus <strong>engenhos<\/strong><\/p>\n<p style=\"text-align: justify;\">E assim nasceu o <strong><em><span style=\"color: #ff0000;\">Homo faber<\/span><\/em><\/strong><\/p>\n<p style=\"text-align: justify;\">O homem criou o <strong>Estado<\/strong><\/p>\n<p style=\"text-align: justify;\">E assim nasceu o <strong><em><span style=\"color: #ff0000;\">Homo politicus<\/span><\/em><\/strong><\/p>\n<p style=\"text-align: justify;\">O homem fez a <strong>guerra<\/strong><\/p>\n<p style=\"text-align: justify;\">E assim nasceu o <strong><em><span style=\"color: #ff0000;\">Homo terrificus<\/span><\/em><\/strong><\/p>\n<p style=\"text-align: justify;\">O homem descobriu o <strong>prazer<\/strong><\/p>\n<p style=\"text-align: justify;\">E assim nasceu o <strong><em><span style=\"color: #ff0000;\">Homo ludens<\/span><\/em><\/strong><\/p>\n<p style=\"text-align: justify;\">O homem criou a <strong>automa\u00e7\u00e3o<\/strong><\/p>\n<p style=\"text-align: justify;\">E assim nasceu o <strong><em><span style=\"color: #ff0000;\">Homo ciberneticus<\/span><\/em><\/strong><\/p>\n<p style=\"text-align: justify;\">O homem de um passo no <strong>cosmo<\/strong><\/p>\n<p style=\"text-align: justify;\">E assim nasceu o <strong><em><span style=\"color: #ff0000;\">Homo astronauticus<\/span><\/em><\/strong><\/p>\n<p style=\"text-align: justify;\">E agora, para onde?<\/p>\n<p style=\"text-align: justify;\"><strong><em><span style=\"color: #ff0000;\">Homo incognitus<\/span>&#8220;.<\/em><\/strong><\/p>\n<p style=\"text-align: right;\"><strong><em>&#8211; <\/em><span style=\"color: #008000;\">Wilson Luiz Sanvito<\/span><\/strong><\/p>\n<p style=\"text-align: justify;\"><strong> <\/strong><\/p>\n<p style=\"text-align: justify;\"><strong>&#8220;Para o ser, nunca houve come\u00e7o, pois o nada n\u00e3o pode dar origem \u00e0 alguma coisa.<\/strong><\/p>\n<p style=\"text-align: justify;\"><strong>Tudo eram trevas, pois n\u00e3o havia a LUZ, e a LUZ n\u00e3o veio das trevas, pois as trevas s\u00e3o a aus\u00eancia de LUZ.&#8221;<\/strong><\/p>\n<p style=\"text-align: justify;\"><strong>&#8220;No princ\u00edpio estava o VERBO.<\/strong><\/p>\n<p style=\"text-align: justify;\"><strong>E o VERBO estava com DEUS.<\/strong><\/p>\n<p style=\"text-align: justify;\"><strong>E DEUS era o VERBO.<\/strong><\/p>\n<p style=\"text-align: justify;\"><strong>O TODO foi feito p\u00f4r ELE.<\/strong><\/p>\n<p style=\"text-align: justify;\"><strong>Sem ELE, nada do que \u00e9 feito, foi feito.<\/strong><\/p>\n<p style=\"text-align: justify;\"><strong>NELE estava a VIDA.<\/strong><\/p>\n<p style=\"text-align: justify;\"><strong>E a VIDA era a LUA dos homens.<\/strong><\/p>\n<p style=\"text-align: justify;\"><strong>E a LUA resplandece nas TREVAS.<\/strong><\/p>\n<p style=\"text-align: justify;\"><strong>E as TREVAS n\u00e3o a absorve.<\/strong><\/p>\n<p style=\"text-align: justify;\"><strong>E o JUIZ SUPREMO DO UNIVERSO DISSE:<\/strong><\/p>\n<p style=\"text-align: justify;\"><strong>&#8220;FA\u00c7A-SE A LUZ!!!<\/strong><\/p>\n<p style=\"text-align: justify;\"><strong>E a LUZ se fez.<\/strong><\/p>\n<p style=\"text-align: justify;\"><strong>QUE A LUZ SEJA DADA A TODO UNIVERSO&#8221;.<\/strong><\/p>\n<p style=\"text-align: justify;\"><strong>E o CRIADOR-INCRIADO ordenou todos os fen\u00f4menos no universo com tal precis\u00e3o que estes acabaram chegando ao \u00e1pice da cria\u00e7\u00e3o: o HOMEM, a mais perfeita criatura animada do universo do SENHOR, que \u00e9 tang\u00edvel para os olhos dos humanos mortais.<\/strong><\/p>\n<p style=\"text-align: justify;\"><strong> <\/strong><\/p>\n<p style=\"text-align: center;\">[<a href=\"javascript:history.go(-1)\">Voltar<\/a>]<\/p>\n","protected":false},"excerpt":{"rendered":"<p>O primata assumiu a postura vertical E assim nasceu o Homo erectus &#8220;O homem fabricou os seus engenhos E assim nasceu o Homo faber O homem criou o Estado E assim nasceu o Homo politicus O homem fez a guerra &hellip; <a href=\"https:\/\/antonini.com.br\/?p=5875\">Continue lendo <span class=\"meta-nav\">&rarr;<\/span><\/a><\/p>\n","protected":false},"author":1,"featured_media":0,"comment_status":"open","ping_status":"open","sticky":false,"template":"","format":"standard","meta":{"ngg_post_thumbnail":0,"footnotes":""},"categories":[20],"tags":[],"class_list":["post-5875","post","type-post","status-publish","format-standard","hentry","category-historia"],"_links":{"self":[{"href":"https:\/\/antonini.com.br\/index.php?rest_route=\/wp\/v2\/posts\/5875","targetHints":{"allow":["GET"]}}],"collection":[{"href":"https:\/\/antonini.com.br\/index.php?rest_route=\/wp\/v2\/posts"}],"about":[{"href":"https:\/\/antonini.com.br\/index.php?rest_route=\/wp\/v2\/types\/post"}],"author":[{"embeddable":true,"href":"https:\/\/antonini.com.br\/index.php?rest_route=\/wp\/v2\/users\/1"}],"replies":[{"embeddable":true,"href":"https:\/\/antonini.com.br\/index.php?rest_route=%2Fwp%2Fv2%2Fcomments&post=5875"}],"version-history":[{"count":1,"href":"https:\/\/antonini.com.br\/index.php?rest_route=\/wp\/v2\/posts\/5875\/revisions"}],"predecessor-version":[{"id":29790,"href":"https:\/\/antonini.com.br\/index.php?rest_route=\/wp\/v2\/posts\/5875\/revisions\/29790"}],"wp:attachment":[{"href":"https:\/\/antonini.com.br\/index.php?rest_route=%2Fwp%2Fv2%2Fmedia&parent=5875"}],"wp:term":[{"taxonomy":"category","embeddable":true,"href":"https:\/\/antonini.com.br\/index.php?rest_route=%2Fwp%2Fv2%2Fcategories&post=5875"},{"taxonomy":"post_tag","embeddable":true,"href":"https:\/\/antonini.com.br\/index.php?rest_route=%2Fwp%2Fv2%2Ftags&post=5875"}],"curies":[{"name":"wp","href":"https:\/\/api.w.org\/{rel}","templated":true}]}}