{"id":5861,"date":"2009-10-19T19:40:37","date_gmt":"2009-10-19T22:40:37","guid":{"rendered":"http:\/\/antonini.med.br\/blog\/?p=5861"},"modified":"2025-08-23T00:28:12","modified_gmt":"2025-08-23T00:28:12","slug":"introducao","status":"publish","type":"post","link":"https:\/\/antonini.com.br\/?p=5861","title":{"rendered":"Introdu\u00e7\u00e3o"},"content":{"rendered":"<p style=\"padding-left: 210px; text-align: justify;\"><strong><em>&#8220;A hist\u00f3ria \u00e9 como um profeta: tem os p\u00e9s no presente, os olhos voltados para tr\u00e1s, e contra o que foi, prediz o que vir\u00e1&#8221;.<\/em><\/strong><\/p>\n<p style=\"padding-left: 210px; text-align: justify;\">&#8211; Eduardo Galeano.<\/p>\n<p style=\"padding-left: 210px; text-align: justify;\"><strong><em>&#8220;O historiador n\u00e3o escreve a hist\u00f3ria, apenas transcreve os fatos, baseando-se na interpreta\u00e7\u00e3o dos documentos ver\u00eddicos que encontra. Quem escreve a hist\u00f3ria \u00e9 o protagonista dos eventos, pois \u00e9 ele quem controi o momento, o epis\u00f3dio, o acontecimento.&#8221;<\/em><\/strong><\/p>\n<p style=\"padding-left: 210px; text-align: justify;\">&#8211; O Autor.<\/p>\n<p align=\"JUSTIFY\"><span style=\"font-size: small;\">Esta obra traz um breve relato da hist\u00f3ria da <strong>farm\u00e1cia.<\/strong> Uma hist\u00f3ria feita de muito sacrif\u00edcio, perspic\u00e1cia, esp\u00edrito de aventura, busca incessante de novos conhecimentos e descobertas. Uma hist\u00f3ria repleta de lances her\u00f3icos, fascinantes e at\u00e9 engra\u00e7ados e pitorescos. Uma hist\u00f3ria que teve muitos de seus epis\u00f3dios escritos com a ponta e o fio da espada, usando como tinta o sangue dos alquimistas e botic\u00e1rios do passado e como borracha de apagar <strong>&#8220;erros&#8221; <\/strong>(entre <strong><em>&#8220;aspas&#8221; <\/em><\/strong> porque a farm\u00e1cia era vista como algo errado, apesar de os verdadeiros errados serem os algozes <strong>inquisitores, reis, tiranos, cl\u00e9rigos <\/strong>e todos os que viam nos <strong>farmac\u00eauticos <\/strong>uma amea\u00e7a \u00e0 sua supremacia), as chamas das fogueiras da intoler\u00e2ncia pol\u00edtica ou religiosa. Uma hist\u00f3ria de um milh\u00e3o de anos que se inicia no exato momento em que os primeiros human\u00f3ides apareceram sobre a terra e se desenrola gra\u00e7as a dedica\u00e7\u00e3o, devo\u00e7\u00e3o e doa\u00e7\u00e3o de si mesmos dos pioneiros desta gloriosa ci\u00eancia, cujas vidas sacrificaram em prol da ci\u00eancia que sempre foi abra\u00e7ada com devo\u00e7\u00e3o, louvor e at\u00e9 fervor por todos os que ousam romper com o comodismo, com o dogmatismo barato das pseudo-ci\u00eancias que se dizem s\u00e9rias, mas que na realidade vivem <strong><em>penduradas <\/em><\/strong> nas pesquisas e nas descobertas dos botic\u00e1rios, alquimistas e farmac\u00eauticos de todos os tempos e lugares do universo.<\/span><\/p>\n<p align=\"JUSTIFY\"><span style=\"font-size: small;\">Al\u00e9m da hist\u00f3ria da Farm\u00e1cia, inclui-se tamb\u00e9m um breve hist\u00f3rico da <strong>Psicologia <\/strong>que tamb\u00e9m \u00e9 antiga como ci\u00eancia, apesar de ter se tornado profiss\u00e3o apenas h\u00e1 pouco tempo, mais precisamente no come\u00e7o desse s\u00e9culo XX. A psicologia caminhou junto com a farm\u00e1cia nas \u00e9pocas em que n\u00e3o havia divis\u00f5es precisas entre as ci\u00eancias, no tempo em que existia apenas a alquimia e a proped\u00eautica, mas n\u00e3o possu\u00edam elas seu campo delimitado, seu espa\u00e7o pr\u00f3prio e por isso a psicologia vivia embutida nos dogmas, pressupostos e arcabou\u00e7os dos alquimistas.<\/span><\/p>\n<p align=\"JUSTIFY\"><span style=\"font-size: small;\">Finalizando, traz ainda um resumo da hist\u00f3ria da <strong>Educa\u00e7\u00e3o<\/strong>, justificada pelo fato de todas as transforma\u00e7\u00f5es sociais e cient\u00edficas terem sido determinadas por a\u00e7\u00f5es educacionais, ou ent\u00e3o conseq\u00fc\u00eancias do ensino.<\/span><\/p>\n<p align=\"JUSTIFY\"><span style=\"font-size: small;\">Objetivando clarificar melhor a origem dos fatos hist\u00f3ricos ligados \u00e0s ci\u00eancias aqui estudadas historicamente, acrescentou-se um relato da hist\u00f3ria de cada povo, institui\u00e7\u00e3o ou movimento que contribuiu para os acontecimentos narrados aqui e para que o leitor possa ter uma id\u00e9ia de como era o mundo e as pessoas nas \u00e9pocas citadas.<\/span><\/p>\n<p align=\"JUSTIFY\"><span style=\"font-size: small;\">A id\u00e9ia deste trabalho de pesquisa hist\u00f3rica nasceu da dificuldade em se encontrar numa \u00fanica refer\u00eancia bibliogr\u00e1fica, a hist\u00f3ria da farm\u00e1cia e quando, como estudante de gradua\u00e7\u00e3o do Curso de Farm\u00e1cia do Setor de Ci\u00eancias da Sa\u00fade da Universidade Federal do Paran\u00e1, necessitei elaborar um relat\u00f3rio de est\u00e1gio em farm\u00e1cia de manipula\u00e7\u00e3o e dispensa\u00e7\u00e3o, e como sempre apreciei muito a hist\u00f3ria, tendo a convic\u00e7\u00e3o de que o profissional desconhecedor ou ignorante sobre a hist\u00f3ria de sua profiss\u00e3o, de sua ci\u00eancia, n\u00e3o passa de um pseudo-profissional, cheio de import\u00e2ncia mas nulo de efici\u00eancia, resolvi buscar um pouco da hist\u00f3ria de nossa profiss\u00e3o e transcrevi resumidamente em meu relat\u00f3rio intitulado <strong><em>&#8220;Mem\u00f3ria do est\u00e1gio em manipula\u00e7\u00e3o e dispensa\u00e7\u00e3o&#8221;<\/em><\/strong> e quando minha supervisora, a professora <strong>Meri de Oliveira Poluchuk<\/strong> o recebeu para corrigir, me agraciou com a nota m\u00e1xima, com men\u00e7\u00e3o de <strong>&#8220;10 (dez) com louvor&#8221;<\/strong> e seu entusiasmo levou-me a prosseguir na pesquisa, na busca de documentos e fatos hist\u00f3ricos incontest\u00e1veis e comprov\u00e1veis com documentos, chegando a esse texto que agora apresento, ap\u00f3s tr\u00eas anos de pesquisa, reconhecendo n\u00e3o ser completo, ou seja: n\u00e3o cont\u00e9m toda a hist\u00f3ria da farm\u00e1cia e da psicologia, pois grande parte de seus lances mais belos, corajosos ou pitorescos ficaram perdidos e enterrados no passado. A grande maioria dos documentos foram destru\u00eddos pelos inimigos da nossa ci\u00eancia-m\u00e3e, a <strong>alquimia, <\/strong>quer sejam eles: os <strong><em>m\u00e9dicos <\/em><\/strong> e a <strong><em>Igreja Cat\u00f3lica medieval<\/em><\/strong>.<\/span><\/p>\n<p align=\"JUSTIFY\"><span style=\"font-size: small;\">Os primeiros viam na alquimia uma amea\u00e7a \u00e0 sua supremacia como senhores da ci\u00eancia, enquanto a igreja cat\u00f3lica, temente do poder contestador dos alquimistas, procurava reneg\u00e1-los aos graus de <strong>hereges<\/strong>, de <strong>enfeiti\u00e7ados<\/strong>, de <strong>possu\u00eddos <\/strong>ou de <strong>disc\u00edpulos <\/strong>de <strong>satan\u00e1s<\/strong>. Infelizmente esse estado de coisas atravessou toda a idade m\u00e9dia a perdurou at\u00e9 meados do s\u00e9culo XVIII, podendo se dizer, sem um m\u00ednimo de dor na consci\u00eancia que esse comportamento vil e mesquinho dos donos do poder daquelas \u00e9pocas emperrou as ci\u00eancias e atrasou em s\u00e9culos, ou mesmo em mil\u00eanios o progresso e o desenvolvimento da humanidade, ou ent\u00e3o sua autodestrui\u00e7\u00e3o. <\/span> <strong><span style=\"font-size: small;\">Quem sabe?<\/span><\/strong><\/p>\n<p align=\"JUSTIFY\"><span style=\"font-size: small;\">Embora esta obra esteja dividida em sess\u00f5es, cap\u00edtulos e t\u00f3picos, durante toda a extens\u00e3o da obra aparecer\u00e3o associa\u00e7\u00f5es entre fatos e eventos ocorridos no passado ou no futuro, pois a hist\u00f3ria n\u00e3o \u00e9 uma ci\u00eancia estanque, compartimentalizada. Cada fato hist\u00f3rico corrobora o que est\u00e1 escrito em pontos mais a frente ou atr\u00e1s da cita\u00e7\u00e3o lida no momento e por isso, neste texto aparecem fatos ocorridos na antig\u00fcidade cl\u00e1ssica sendo relacionados e comentados comparativamente com fatos ocorridos na idade contempor\u00e2nea, e vice-versa, de modo que o leitor pode ter uma vis\u00e3o global dos motivos reais da ocorr\u00eancia do fato hist\u00f3rico, ratificando a m\u00e1xima de Eduardo Galeano transcrita na ep\u00edgrafe dessa introdu\u00e7\u00e3o \u00e0 obra.<\/span><\/p>\n<p style=\"text-align: center;\">[<a href=\"javascript:history.go(-1)\">Voltar<\/a>]<\/p>\n","protected":false},"excerpt":{"rendered":"<p>&#8220;A hist\u00f3ria \u00e9 como um profeta: tem os p\u00e9s no presente, os olhos voltados para tr\u00e1s, e contra o que foi, prediz o que vir\u00e1&#8221;. &#8211; Eduardo Galeano. &#8220;O historiador n\u00e3o escreve a hist\u00f3ria, apenas transcreve os fatos, baseando-se na &hellip; <a href=\"https:\/\/antonini.com.br\/?p=5861\">Continue lendo <span class=\"meta-nav\">&rarr;<\/span><\/a><\/p>\n","protected":false},"author":1,"featured_media":0,"comment_status":"open","ping_status":"open","sticky":false,"template":"","format":"standard","meta":{"ngg_post_thumbnail":0,"footnotes":""},"categories":[20],"tags":[],"class_list":["post-5861","post","type-post","status-publish","format-standard","hentry","category-historia"],"_links":{"self":[{"href":"https:\/\/antonini.com.br\/index.php?rest_route=\/wp\/v2\/posts\/5861","targetHints":{"allow":["GET"]}}],"collection":[{"href":"https:\/\/antonini.com.br\/index.php?rest_route=\/wp\/v2\/posts"}],"about":[{"href":"https:\/\/antonini.com.br\/index.php?rest_route=\/wp\/v2\/types\/post"}],"author":[{"embeddable":true,"href":"https:\/\/antonini.com.br\/index.php?rest_route=\/wp\/v2\/users\/1"}],"replies":[{"embeddable":true,"href":"https:\/\/antonini.com.br\/index.php?rest_route=%2Fwp%2Fv2%2Fcomments&post=5861"}],"version-history":[{"count":1,"href":"https:\/\/antonini.com.br\/index.php?rest_route=\/wp\/v2\/posts\/5861\/revisions"}],"predecessor-version":[{"id":29721,"href":"https:\/\/antonini.com.br\/index.php?rest_route=\/wp\/v2\/posts\/5861\/revisions\/29721"}],"wp:attachment":[{"href":"https:\/\/antonini.com.br\/index.php?rest_route=%2Fwp%2Fv2%2Fmedia&parent=5861"}],"wp:term":[{"taxonomy":"category","embeddable":true,"href":"https:\/\/antonini.com.br\/index.php?rest_route=%2Fwp%2Fv2%2Fcategories&post=5861"},{"taxonomy":"post_tag","embeddable":true,"href":"https:\/\/antonini.com.br\/index.php?rest_route=%2Fwp%2Fv2%2Ftags&post=5861"}],"curies":[{"name":"wp","href":"https:\/\/api.w.org\/{rel}","templated":true}]}}