{"id":4457,"date":"2009-06-09T22:34:07","date_gmt":"2009-06-09T22:34:07","guid":{"rendered":"http:\/\/antonini.med.br\/blog\/?p=4457"},"modified":"2022-02-15T03:29:03","modified_gmt":"2022-02-15T03:29:03","slug":"policia-indicia-ex-deputado-envolvido-em-acidente-que-matou-2-no-parana-por-homicidio","status":"publish","type":"post","link":"https:\/\/antonini.com.br\/?p=4457","title":{"rendered":"Finalmente&#8230;"},"content":{"rendered":"<p style=\"text-align: justify;\">Pol\u00edcia indicia ex-deputado envolvido em acidente que matou 2 no Paran\u00e1 por homic\u00eddio.<\/p>\n<p style=\"text-align: justify;\"><!--more--><\/p>\n<p style=\"text-align: justify;\">\n<p style=\"text-align: justify;\">O ex-deputado estadual <a href=\"http:\/\/search.folha.com.br\/search?site=online&amp;q=%22Fernando+Carli+Filho%22&amp;src=redacao\">Fernando Carli Filho<\/a> (PSB-PR) &#8211;que se envolveu com um acidente que resultou em duas mortes no in\u00edcio de maio em Curitiba (PR)&#8211; foi indiciado nesta ter\u00e7a-feira por homic\u00eddio com dolo eventual, ou seja, quando o autor sabe do risco e assume esse risco.<\/p>\n<p style=\"text-align: justify;\">De acordo com a Sesp (Secretaria de Estado de Seguran\u00e7a do Paran\u00e1), o an\u00fancio do indiciamento foi feito pelo delegado Armando Braga, da Delegacia de Delitos de Tr\u00e2nsito, logo ap\u00f3s o deputado prestar depoimento \u00e0 pol\u00edcia.<\/p>\n<p style=\"text-align: justify;\">O acidente ocorreu na madrugada do dia 7 de maio, quando o carro guiado pelo ex-deputado, um Volkswagen Passat, colidiu com um Honda Fit ocupado pelos jovens no bairro Mossungu\u00ea, em Curitiba. Gilmar Rafael Souza Yared, 26, e Carlos Murilo de Almeida, 20, morreram na hora.<\/p>\n<p style=\"text-align: justify;\">O deputado estava com a <a href=\"http:\/\/www1.folha.uol.com.br\/folha\/cotidiano\/ult95u564502.shtml\">carteira de habilita\u00e7\u00e3o suspensa<\/a> porque excedia o total de pontos permitidos &#8211;totalizava 130 pontos, enquanto o m\u00e1ximo permitido \u00e9 de 20. De acordo com informa\u00e7\u00f5es do Detran, o deputado possu\u00eda 30 multas, desde 2003. Destas, 23 eram por exceder limites de velocidade. Carli Filho recorreu de 12 das 30 multas.<\/p>\n<p style=\"text-align: justify;\">&#8220;Ele garantiu, ainda, que apresentou recursos, mas que n\u00e3o foi formalmente notificado para que entregasse sua carteira de habilita\u00e7\u00e3o&#8221;, disse o delegado.<\/p>\n<p style=\"text-align: justify;\">Exame realizado pelo IML (Instituto M\u00e9dico Legal) do Paran\u00e1 constatou que Carli dirigia com <a href=\"http:\/\/www1.folha.uol.com.br\/folha\/cotidiano\/ult95u567585.shtml\">dosagem alco\u00f3lica<\/a> acima do estabelecido. Segundo o resultado, havia no sangue do deputado 7,8 decigramas de \u00e1lcool por litro de sangue, enquanto o limite permitido \u00e9 de 2 decigramas.<\/p>\n<p style=\"text-align: justify;\"><strong>Reconstitui\u00e7\u00e3o<\/strong><\/p>\n<p style=\"text-align: justify;\">A pol\u00edcia deve realizar ainda a reconstitui\u00e7\u00e3o do acidente, para ent\u00e3o unir os laudos e finalizar o inqu\u00e9rito. &#8220;O inqu\u00e9rito ser\u00e1 remetido ao Minist\u00e9rio P\u00fablico, que tomar\u00e1 as provid\u00eancias finais&#8221;, afirmou Braga.<\/p>\n<p style=\"text-align: justify;\">No \u00faltimo s\u00e1bado (6), o deputado deixou o hospital Israelita Albert Einstein, em S\u00e3o Paulo.<\/p>\n<p style=\"text-align: justify;\">Em seu per\u00edodo internado, Carli Filho passou por uma cirurgia de para corre\u00e7\u00e3o de fraturas na face e cr\u00e2nio que, segundo sua assessoria, durou cerca de 14 horas.<\/p>\n<p><strong>Ren\u00fancia<\/strong><\/p>\n<p style=\"text-align: justify;\">No \u00faltimo dia 29, ele <a href=\"http:\/\/www1.folha.uol.com.br\/folha\/cotidiano\/ult95u573784.shtml\">renunciou ao mandato<\/a> de deputado estadual. O advogado da fam\u00edlia de Yared havia protocolado um pedido de cassa\u00e7\u00e3o do mandato de Carli Filho. No pedido, Elias Mattar Assad argumenta que a conduta de Carli Filho \u00e9 inadmiss\u00edvel para um deputado<\/p>\n<p style=\"text-align: justify;\">Em of\u00edcio, Carli Filho afirmou que aguardar\u00e1 o processo e julgamento &#8220;sem prerrogativas funcionais ou privil\u00e9gios de qualquer ordem para receber, como cidad\u00e3o comum, a senten\u00e7a que as circunst\u00e2ncias do fato e a sensibilidade da Justi\u00e7a determinarem&#8221;.<\/p>\n<p style=\"text-align: justify;\">A reportagem n\u00e3o conseguiu localizar a assessoria do ex-deputado para comentar o indiciamento.<\/p>\n<div id=\"articleBy\">\n<p style=\"text-align: justify;\">da <strong>Folha Online<\/strong><\/p>\n<\/div>\n<p class=\"tagline\" style=\"text-align: center;\">[<a href=\"javascript:history.go(-1)\">Voltar<\/a>]<\/p>\n","protected":false},"excerpt":{"rendered":"<p>Pol\u00edcia indicia ex-deputado envolvido em acidente que matou 2 no Paran\u00e1 por homic\u00eddio.<\/p>\n","protected":false},"author":1,"featured_media":0,"comment_status":"open","ping_status":"open","sticky":false,"template":"","format":"standard","meta":{"ngg_post_thumbnail":0,"footnotes":""},"categories":[27],"tags":[],"class_list":["post-4457","post","type-post","status-publish","format-standard","hentry","category-noticias"],"_links":{"self":[{"href":"https:\/\/antonini.com.br\/index.php?rest_route=\/wp\/v2\/posts\/4457","targetHints":{"allow":["GET"]}}],"collection":[{"href":"https:\/\/antonini.com.br\/index.php?rest_route=\/wp\/v2\/posts"}],"about":[{"href":"https:\/\/antonini.com.br\/index.php?rest_route=\/wp\/v2\/types\/post"}],"author":[{"embeddable":true,"href":"https:\/\/antonini.com.br\/index.php?rest_route=\/wp\/v2\/users\/1"}],"replies":[{"embeddable":true,"href":"https:\/\/antonini.com.br\/index.php?rest_route=%2Fwp%2Fv2%2Fcomments&post=4457"}],"version-history":[{"count":1,"href":"https:\/\/antonini.com.br\/index.php?rest_route=\/wp\/v2\/posts\/4457\/revisions"}],"predecessor-version":[{"id":27388,"href":"https:\/\/antonini.com.br\/index.php?rest_route=\/wp\/v2\/posts\/4457\/revisions\/27388"}],"wp:attachment":[{"href":"https:\/\/antonini.com.br\/index.php?rest_route=%2Fwp%2Fv2%2Fmedia&parent=4457"}],"wp:term":[{"taxonomy":"category","embeddable":true,"href":"https:\/\/antonini.com.br\/index.php?rest_route=%2Fwp%2Fv2%2Fcategories&post=4457"},{"taxonomy":"post_tag","embeddable":true,"href":"https:\/\/antonini.com.br\/index.php?rest_route=%2Fwp%2Fv2%2Ftags&post=4457"}],"curies":[{"name":"wp","href":"https:\/\/api.w.org\/{rel}","templated":true}]}}