{"id":36959,"date":"2024-11-01T03:20:10","date_gmt":"2024-11-01T03:20:10","guid":{"rendered":"https:\/\/antonini.com.br\/?p=36959"},"modified":"2024-11-04T23:50:15","modified_gmt":"2024-11-04T23:50:15","slug":"a-picaretagem-farmacoterapeutica-continua-a-todo-vapor-no-youtube","status":"publish","type":"post","link":"https:\/\/antonini.com.br\/?p=36959","title":{"rendered":"A picaretagem farmacoterap\u00eautica continua a todo vapor no YouTube"},"content":{"rendered":"<p style=\"text-align: justify;\">O mesmo <a href=\"?p=33326\">advogado do sach\u00ea emagrecedor<\/a> agora est\u00e1 propagandeando e indicando vitamina B12 para preven\u00e7\u00e3o do Alzheimer e tamb\u00e9m como coadjuvante no emagrecimento.<!--more--><\/p>\n<p style=\"text-align: justify;\">A vitamina B12 que ele est\u00e1 alardeando ser um elixir da longa vida \u00e9, segundo ele, importada dos EUA e custa R$186,90 em apresenta\u00e7\u00e3o de 240 comprimidos que, segundo este caus\u00eddico que parece uma reencarna\u00e7\u00e3o de <a href=\"https:\/\/antonini.com.br\/paginas\/hfar--aracelso_e_os_grandes_alquimistas_da_idade_media.html\">Paracelso<\/a> (Phillipus Aureolus Teophratus Bombastus Von Hohelnehm), \u00e9 suficiente para um tratamento de 60 dias.<\/p>\n<p style=\"text-align: justify;\">Fazendo uma continha r\u00e1pida, a pessoa dever\u00e1 ingerir 4 (quatro) comprimidos por dia e considerando-se que a apresenta\u00e7\u00e3o de Vitamina B12 aprovada no Brasil pela ANVISA para uso oral (comprimidos) \u00e9 de 5.000mcg (microgramas) ao dia, ent\u00e3o cada comprimido desta vitamina B12 importada deve ter 1.250mcg&#8230; Ser\u00e1 que tem mesmo? Cad\u00ea os laudos de controle de qualidade dela? A ANVISA obriga a apresenta\u00e7\u00e3o deles para licenciar qualquer f\u00e1rmaco para uso humano em territ\u00f3rio nacional, al\u00e9m de outros documentos como por exemplo o alvar\u00e1 de licen\u00e7a do fabricante, a certid\u00e3o de responsabilidade t\u00e9cnica do estabelecimento emitido pelo Conselho Regional de Farm\u00e1cia no qual deve constar o nome e o n\u00famero do CRF do farmac\u00eautico respons\u00e1vel pelo f\u00e1rmaco. Se n\u00e3o tiver um farmac\u00eautico com seu respectivo CRF \u00e9 FRAUDE.<\/p>\n<p style=\"text-align: justify;\">Uma caixa do f\u00e1rmaco de refer\u00eancia (de marca) de Vitamina B12 de 5.000mcg, associada \u00e0 vitamina B1 e tamb\u00e9m \u00e0 vitamina B6 contendo 30 comprimidos custa R$79,00 e tem, efetivamente, 5.000mcg de vitamina B12 com a certeza de que, caso aconte\u00e7a qualquer efeito paradoxal (imprevis\u00edvel) com o usu\u00e1rio, o laborat\u00f3rio ser\u00e1 responsabilizado e ter\u00e1 de indeniz\u00e1-lo, enquanto com estas vitaminas vendidas por internet ou por telefone n\u00e3o h\u00e1 qualquer garantia de efic\u00e1cia, efetividade, seguran\u00e7a e, ainda, suporte cl\u00ednico.<\/p>\n<p style=\"text-align: justify;\">O f\u00e1rmaco que o douto advogado est\u00e1 propagandeando pode ser encontrado em qualquer farm\u00e1cia em qualquer cidade do Brasil, sendo todas as vendidas em territ\u00f3rio nacional inspecionadas e aprovadas pela ANVISA, n\u00e3o precisando importar.<\/p>\n<p style=\"text-align: justify;\">Tamb\u00e9m deve ficar bem claro que n\u00e3o existe qualquer estudo cl\u00ednico que demonstre rela\u00e7\u00e3o entre Vitamina B12 e Alzheimer e menos ainda qualquer propriedade emagrecedora dela. Quem duvida, pegue um bom livro de farmacologia, pode ser o Rang e Dale ou o Katzung, e leia. Est\u00e1 tudo l\u00e1.<\/p>\n<p style=\"text-align: justify;\">\u00c9 imperativo saber o que a comiss\u00e3o de \u00e9tica da CFOAB (Conselho Federal da Ordem dos Advogados do Brasil) pensa de advogados que prescrevem f\u00e1rmacos, sendo que indica\u00e7\u00e3o ou prescri\u00e7\u00e3o farmacoterap\u00eautica \u00e9 atribui\u00e7\u00e3o privativa de m\u00e9dicos, dentistas e veterin\u00e1rios e n\u00e3o de advogados ou qualquer outro profissional.<\/p>\n<p style=\"text-align: justify;\">Podem atirar pedras a vontade. Estou apenas cumprindo o juramento, o c\u00f3digo de \u00e9tica e a legisla\u00e7\u00e3o vigente da minha profiss\u00e3o.<\/p>\n<p style=\"text-align: justify;\">N\u00e3o tentem me amea\u00e7ar de processo judicial porque isso j\u00e1 aconteceu h\u00e1 alguns anos e o advogado que tentou me intimidar passou a maior vergonha em ju\u00edzo.<\/p>\n<p style=\"text-align: justify;\">O YouTube est\u00e1 virando terra de ningu\u00e9m. Logo come\u00e7ar\u00e3o a vender terrenos na lua e em marte, po\u00e7\u00e3o m\u00e1gica para ressuscitar mortos, pedra filosofal, elixir da longa vida, solvente universal, comprimido para cura milagrosa do c\u00e2ncer&#8230;<\/p>\n<p><strong>Leia mais:<\/strong><\/p>\n<ul>\n<li><a href=\"?p=32923\">Confrei, o engodo cient\u00edfico de 1982<\/a><\/li>\n<li><a href=\"?p=9448\">Curandeirismo e Charlatanismo: aspectos legais e penais<\/a><\/li>\n<li><a href=\"?p=215\">\u00c9tico, Legal ou L\u00edcito: os limites da compet\u00eancia profissional<\/a><\/li>\n<li><a href=\"?p=32830\">Picaretagens farmacoterap\u00eauticas<\/a><\/li>\n<li><a href=\"?p=28239\">Regrinhas b\u00e1sicas da farmacologia<\/a><\/li>\n<li><a href=\"?p=494\">T\u00edtulo ilegal<\/a><\/li>\n<\/ul>\n<p style=\"text-align: center;\">[<a href=\"javascript:history.go(-1)\">Voltar<\/a>]<\/p>\n<p style=\"text-align: justify;\">&#8212;&#8212;&#8212;&#8212;&#8212;&#8212;&#8212;-<br \/>\n1 PARAN\u00c1, M. P. DO. <strong>Curandeirismo e Charlatanismo.<\/strong> Dispon\u00edvel em: &lt;https:\/\/mppr.mp.br\/Noticia\/Curandeirismo-e-Charlatanismo&gt;. Acesso em 2 jun. 2024<\/p>\n","protected":false},"excerpt":{"rendered":"<p>O mesmo advogado do sach\u00ea emagrecedor agora est\u00e1 propagandeando e indicando vitamina B12 para preven\u00e7\u00e3o do Alzheimer e tamb\u00e9m como coadjuvante no emagrecimento.<\/p>\n","protected":false},"author":1,"featured_media":0,"comment_status":"open","ping_status":"open","sticky":false,"template":"","format":"standard","meta":{"ngg_post_thumbnail":0,"footnotes":""},"categories":[14,124],"tags":[],"class_list":["post-36959","post","type-post","status-publish","format-standard","hentry","category-farmacologia","category-saude"],"_links":{"self":[{"href":"https:\/\/antonini.com.br\/index.php?rest_route=\/wp\/v2\/posts\/36959","targetHints":{"allow":["GET"]}}],"collection":[{"href":"https:\/\/antonini.com.br\/index.php?rest_route=\/wp\/v2\/posts"}],"about":[{"href":"https:\/\/antonini.com.br\/index.php?rest_route=\/wp\/v2\/types\/post"}],"author":[{"embeddable":true,"href":"https:\/\/antonini.com.br\/index.php?rest_route=\/wp\/v2\/users\/1"}],"replies":[{"embeddable":true,"href":"https:\/\/antonini.com.br\/index.php?rest_route=%2Fwp%2Fv2%2Fcomments&post=36959"}],"version-history":[{"count":5,"href":"https:\/\/antonini.com.br\/index.php?rest_route=\/wp\/v2\/posts\/36959\/revisions"}],"predecessor-version":[{"id":36969,"href":"https:\/\/antonini.com.br\/index.php?rest_route=\/wp\/v2\/posts\/36959\/revisions\/36969"}],"wp:attachment":[{"href":"https:\/\/antonini.com.br\/index.php?rest_route=%2Fwp%2Fv2%2Fmedia&parent=36959"}],"wp:term":[{"taxonomy":"category","embeddable":true,"href":"https:\/\/antonini.com.br\/index.php?rest_route=%2Fwp%2Fv2%2Fcategories&post=36959"},{"taxonomy":"post_tag","embeddable":true,"href":"https:\/\/antonini.com.br\/index.php?rest_route=%2Fwp%2Fv2%2Ftags&post=36959"}],"curies":[{"name":"wp","href":"https:\/\/api.w.org\/{rel}","templated":true}]}}