{"id":31783,"date":"2020-01-30T06:30:19","date_gmt":"2020-01-30T06:30:19","guid":{"rendered":"https:\/\/antonini.com.br\/?p=31783"},"modified":"2020-01-30T06:30:19","modified_gmt":"2020-01-30T06:30:19","slug":"covid-19","status":"publish","type":"post","link":"https:\/\/antonini.com.br\/?p=31783","title":{"rendered":"Covid-19"},"content":{"rendered":"<ul>\n<li><a href=\"?p=28194\">A cafajetagem pol\u00edtica n\u00e3o respeita nem o luto e nem a lei<\/a><\/li>\n<li><a href=\"?p=28332\">A canalha e crimonosa demoniza\u00e7\u00e3o dos tratamentos preventivos e precoces<\/a><\/li>\n<li><a href=\"?p=30519\">A censura no YouTube est\u00e1 descarada, escancarada e vergonhosa<\/a><\/li>\n<li><a href=\"?p=28591\">A China e suas pandemias\u2026<\/a><\/li>\n<li><a href=\"?p=31392\">A ind\u00fastria do apavoramento continua a todo vapor<\/a><\/li>\n<li><a href=\"?p=28384\">A que ponto chegamos\u2026<\/a><\/li>\n<li><a href=\"?p=28354\">A revolta do CPF<\/a><\/li>\n<li><a href=\"?p=28408\">A vacina j\u00e1 virou piada\u2026<\/a><\/li>\n<li><a href=\"?p=28571\">Abaixo a m\u00e1scara facial!<\/a><\/li>\n<li><a href=\"?p=30499\">Ainda est\u00e3o discutindo hip\u00f3teses sobre a origem do Covid-19?<\/a><\/li>\n<li><a href=\"?p=30533\">Alexandre Garcia: \u201cA menina de Len\u00e7\u00f3is Paulista e a vacina\u201d<\/a><\/li>\n<li><a href=\"?p=28568\">Alguns fatos sobre o SARS-COV 2 e suas poss\u00edveis vacinas<\/a><\/li>\n<li><a href=\"?p=29496\">Alternativa \u00e0 cloroquina e ao alcance de todos<\/a><\/li>\n<li><a href=\"?p=30360\">Argentina e Espanha j\u00e1 falam em tratar covid como gripe comum<\/a><\/li>\n<li><a href=\"?p=29622\">As grandes mentiras politiqueira travestidas de descobertas cient\u00edficas<\/a><\/li>\n<li><a href=\"?p=29645\">Aten\u00e7\u00e3o usu\u00e1rios da vacina Pfizer<\/a><\/li>\n<li><a href=\"?p=29513\">Augusto Nunes anuncia o sumi\u00e7o de todas as doen\u00e7as do Brasil<\/a><\/li>\n<li><a href=\"?p=29501\">Bernardo K\u00fcster: \u201cO fracasso da quarentena\u201d<\/a><\/li>\n<li><a href=\"?p=30308\">Brasil voltando r\u00e1pido e acelerado a Idade da Pedra<\/a><\/li>\n<li><a href=\"?p=28602\">Caiu a M\u00e1scara do Corona!<\/a><\/li>\n<li><a href=\"?p=28566\">Caio o Alem\u00e3o: \u201co outro lado da moeda\u201d<\/a><\/li>\n<li><a href=\"?p=29482\">C\u00e2mara Federal torna obrigat\u00f3rio o uso de m\u00e1scaras<\/a><\/li>\n<li><a href=\"?p=29654\">Canal Caio, o Alem\u00e3o: \u201cAlemanha, pai desesperado manda toda fam\u00edlia para o c\u00e9u!!! 8.12.21\u201d<\/a><\/li>\n<li><a href=\"?p=28382\">Cloroquina e Ivermectina: fantasia ou realidade?<\/a><\/li>\n<li><a href=\"?p=29493\">Como fazer uma prote\u00e7\u00e3o eficiente na preven\u00e7\u00e3o do CoVid-19<\/a><\/li>\n<li><a href=\"?p=30298\">Coronavac \u00e9 a vacina mais segura para crian\u00e7as<\/a><\/li>\n<li><a href=\"?p=28411\">Coronav\u00edrus: A Verdade que Ningu\u00e9m Quer Falar \u2013 Dr. Marcelo Lima<\/a><\/li>\n<li><a href=\"?p=30543\">Covid-19: OMS n\u00e3o acredita em estrat\u00e9gia de vacina\u00e7\u00e3o com doses de refor\u00e7o \u2013 Olhar Digital<\/a><\/li>\n<li><a href=\"?p=29515\">Cuidado com o \u00e1lcool gel<\/a><\/li>\n<li><a href=\"?p=29503\">Daian Siabra: \u201cAnticoagulante est\u00e1 salvando pessoas do novo v\u00edrus\u201d<\/a><\/li>\n<li><a href=\"?p=30275\">E a palha\u00e7ada continua&#8230;<\/a><\/li>\n<li><a href=\"?p=29530\">E conhecereis a Verdade, e ela vos libertar\u00e1!<\/a><\/li>\n<li><a href=\"?p=31336\">Efeitos ginecol\u00f3gicos das vacinas de RNAm contra Covid<\/a><\/li>\n<li><a href=\"?p=30363\">EMA: AstraZeneca e Janssen t\u00eam novo poss\u00edvel efeito colateral<\/a><\/li>\n<li><a href=\"?p=28389\">Escandalizados com 260 mil morte por COVID-19 em um ano?<\/a><\/li>\n<li><a href=\"?p=28584\">Este v\u00edrus j\u00e1 est\u00e1 \u201cenchendo o saco\u201d<\/a><\/li>\n<li><a href=\"?p=30687\">Europa lista inflama\u00e7\u00e3o como poss\u00edvel efeito colateral da AstraZeneca<\/a><\/li>\n<li><a href=\"?p=31263\">Expliquem isso vacinoman\u00edacos<\/a><\/li>\n<li><a href=\"?p=30620\">Farmac\u00eautica anuncia \u201cefeito antiviral\u201d da ivermectina contra \u00d4micron<\/a><\/li>\n<li><a href=\"?p=28582\">Finalmente OMS admite que CoVid-19 pode ser transmitido por correntes a\u00e9reas<\/a><\/li>\n<li><a href=\"?p=29665\">Fiocruz refor\u00e7a import\u00e2ncia da imuniza\u00e7\u00e3o de crian\u00e7as para aumentar cobertura vacinal<\/a><\/li>\n<li><a href=\"?p=30980\">Gazeta do Povo: \u201cA\u00e7\u00e3o Civil contra ind\u00fastrias farmac\u00eauticas, Anvisa e Minist\u00e9rio da Sa\u00fade\u201d<\/a><\/li>\n<li><a href=\"?p=28578\">Imunidade de rebanho no Brasil pode estar pr\u00f3xima<\/a><\/li>\n<li><a href=\"?p=28519\">Investir na vacina da UFPR \u00e9 investir na vida<\/a><\/li>\n<li><a href=\"?p=29532\">Lave as m\u00e3os!!!<\/a><\/li>\n<li><a href=\"?p=28393\">Mensagem atribu\u00edda ao Secret\u00e1rio da Sa\u00fade do Estado do Paran\u00e1<\/a><\/li>\n<li><a href=\"?p=30371\">Merece uma boa reflex\u00e3o\u2026<\/a><\/li>\n<li><a href=\"?p=28413\">Muta\u00e7\u00e3o do coronav\u00edrus?<\/a><\/li>\n<li><a href=\"?p=28587\">Nova muta\u00e7\u00e3o: Ser\u00e1 o fim da humanidade?<\/a><\/li>\n<li><a href=\"?p=28549\">\u201cNovos e surpreendentes mecanismos de a\u00e7\u00e3o da IVM s\u00e3o desvendados pela ci\u00eancia\u2026\u201d Ser\u00e1?<\/a><\/li>\n<li><a href=\"?p=28589\">O ano de 2020 j\u00e1 virou piada\u2026<\/a><\/li>\n<li><a href=\"?p=28525\">O Brasil e o eterno desafio \u00e0 l\u00f3gica e \u00e0 coer\u00eancia<\/a><\/li>\n<li><a href=\"?p=28356\">O Brasil merece virar um p\u00e1ria internacional<\/a><\/li>\n<li><a href=\"?p=29541\">O coronav\u00edrus est\u00e1 servindo para esconder o caos na sa\u00fade p\u00fablica<\/a><\/li>\n<li><a href=\"?p=28504\">O desprezo pela hist\u00f3ria e experi\u00eancias do passado<\/a><\/li>\n<li><a href=\"?p=29520\">O dilema dos v\u00edrus<\/a><\/li>\n<li><a href=\"?p=28543\">O governador de S\u00e3o Paulo enlouqueceu, ou\u2026<\/a><\/li>\n<li><a href=\"?p=28547\">O jornalismo debiloide tupiniquim<\/a><\/li>\n<li><a href=\"?p=28373\">O que \u00e9 necess\u00e1rio para montar um leito de UTI?<\/a><\/li>\n<li><a href=\"?p=29679\">O que est\u00e1 por tr\u00e1s da pol\u00eamica envolvendo a vacina\u00e7\u00e3o infantil contra Covid-19?<\/a><\/li>\n<li><a href=\"?p=28580\">O que j\u00e1 foi testado no tratamento do coronav\u00edrus?<\/a><\/li>\n<li><a href=\"?p=28417\">O vexame da coronavac<\/a><\/li>\n<li><a href=\"?p=29490\">O v\u00edrus est\u00e1 no ar<\/a><\/li>\n<li><a href=\"?p=28595\">Observa\u00e7\u00f5es importantes sobre a pandemia no YouTube<\/a><\/li>\n<li><a href=\"?p=30572\">OMS reconhece que \u00d4micron pode acabar com a pandemia na Europa<\/a><\/li>\n<li><a href=\"?p=28359\">Onde aparece mais \u00f3bitos por CoVid-19?<\/a><\/li>\n<li><a href=\"?p=31250\">Os efeitos adversos da tecnologia farmac\u00eautica do RNAm est\u00e3o escancarados<\/a><\/li>\n<li><a href=\"?p=28502\">Os primeiros espinhos dos ensaios farmacol\u00f3gicos do SARS-COV-2<\/a><\/li>\n<li><a href=\"?p=31512\">Os verdadeiros culpados pela baixa cobertura vacinal antipoliomielite no Brasil<\/a><\/li>\n<li><a href=\"?p=29487\">Para qu\u00ea serve o isolamento social?<\/a><\/li>\n<li><a href=\"?p=29525\">Para que serve o sistema imunol\u00f3gico?<\/a><\/li>\n<li><a href=\"?p=30369\">Pergunta que n\u00e3o deixa calar<\/a><\/li>\n<li><a href=\"?p=28419\">Pesquisadores questionam efic\u00e1cia da Coronavac<\/a><\/li>\n<li><a href=\"?p=28344\">Pfizer testa dois rem\u00e9dios contra a Covid, diz porta-voz do laborat\u00f3rio na Fran\u00e7a<\/a><\/li>\n<li><a href=\"?p=29662\">P\u00edlula contra Covid-19 tem 89% de efic\u00e1cia e funciona contra \u00d4micron, diz Pfizer<\/a><\/li>\n<li><a href=\"?p=28287\">Pol\u00edticos charlat\u00f5es acusando o Presidente da Rep\u00fablica de \u2026? \u00c9 para rir ou chorar?<\/a><\/li>\n<li><a href=\"?p=29552\">Por qu\u00ea a China \u00e9 a maior exportadora de doen\u00e7as e epidemias?<\/a><\/li>\n<li><a href=\"?p=31650\">Por que j\u00e1 estamos perdendo nossas mem\u00f3rias da pandemia de covid-19<\/a><\/li>\n<li><a href=\"?p=29473\">Profecia ou o CoVID-19 j\u00e1 era conhecido h\u00e1 muito tempo?<\/a><\/li>\n<li><a href=\"?p=29505\">Prof. Bellei: \u201cMist\u00e9rio: o pa\u00eds mais pobre do mundo \u00e9 o que tem menos casos de coronav\u00edrus\u201d<\/a><\/li>\n<li><a href=\"?p=30335\">Prote\u00e7\u00e3o gerada ap\u00f3s resfriado comum pode evitar Covid-19, diz estudo<\/a><\/li>\n<li><a href=\"?p=30639\">Publicado os resultados de estudo que infectou pessoas com Covid-19 propositadamente<\/a><\/li>\n<li><a href=\"?p=28346\">Qual a taxa de morbidade e mortalidade do sars-cov2 dentre os aideticos?<\/a><\/li>\n<li><a href=\"?p=29527\">Recomenda\u00e7\u00e3o do consultor m\u00e9dico da Rede Globo<\/a><\/li>\n<li><a href=\"?p=29538\">Reflex\u00f5es sobre as epidemias chinesas<\/a><\/li>\n<li><a href=\"?p=28505\">Reino Unido emite alerta ap\u00f3s rea\u00e7\u00e3o al\u00e9rgica \u00e0 vacina a Pfizer<\/a><\/li>\n<li><a href=\"?p=28421\">Resist\u00eancia natural: por qu\u00ea n\u00e3o se fala nada sobre ela?<\/a><\/li>\n<li><a href=\"?p=28576\">Soro equino anti-SARS-COV-2 (coronav\u00edrus ou CoVid-19)<\/a><\/li>\n<li><a href=\"?p=30350\">Spray nasal anti-Covid pode proteger contra todas as variantes por at\u00e9 8 horas<\/a><\/li>\n<li><a href=\"?p=28276\">Suic\u00eddio de volunt\u00e1rio n\u00e3o isenta f\u00e1rmaco em ensaio cl\u00ednico de responsabilidade<\/a><\/li>\n<li><a href=\"?p=13343\">Talidomida<\/a><\/li>\n<li><a href=\"?p=28380\">Trancacionismo insano<\/a><\/li>\n<li><a href=\"?p=29477\">Um pedido encarecido do Prefeito de Curitiba<\/a><\/li>\n<li><a href=\"?p=28558\">Uma breve reflex\u00e3o sobre as vacinas contra covid 19<\/a><\/li>\n<li><a href=\"?p=29534\">Uma quest\u00e3o b\u00e1sica sobre o uso do \u00e1lcool 70% na preven\u00e7\u00e3o do coronav\u00edrus<\/a><\/li>\n<li><a href=\"?p=28516\">Vacina contra covid-19 desenvolvida na UFPR supera AstraZeneca\/Oxford em resultados pr\u00e9-cl\u00ednicos<\/a><\/li>\n<li><a href=\"?p=29657\">Vacina Pfizer tem s\u00f3 22,5% de efic\u00e1cia contra \u00d4micron, afirma estudo \u2013 Metr\u00f3poles<\/a><\/li>\n<li><a href=\"?p=30319\">Vacina\u00e7\u00e3o contra Covid-19 e o risco de miocardite \u2013 PEBMED<\/a><\/li>\n<li><a href=\"?p=28370\">Verdade encontrada no Twitter sobre mortes em UTIs<\/a><\/li>\n<li><a href=\"?p=28545\">Vereadores de Curitiba aprovam multa para quem n\u00e3o usar m\u00e1scara<\/a><\/li>\n<li><a href=\"?p=29510\">Vitamina D no combate ao coronav\u00edrus?<\/a><\/li>\n<\/ul>\n<p style=\"text-align: center;\">[<a href=\"javascript:history.go(-1)\">Voltar<\/a>]<\/p>\n","protected":false},"excerpt":{"rendered":"<p>A cafajetagem pol\u00edtica n\u00e3o respeita nem o luto e nem a lei A canalha e crimonosa demoniza\u00e7\u00e3o dos tratamentos preventivos e precoces A censura no YouTube est\u00e1 descarada, escancarada e vergonhosa A China e suas pandemias\u2026 A ind\u00fastria do apavoramento &hellip; <a href=\"https:\/\/antonini.com.br\/?p=31783\">Continue lendo <span class=\"meta-nav\">&rarr;<\/span><\/a><\/p>\n","protected":false},"author":1,"featured_media":0,"comment_status":"open","ping_status":"open","sticky":false,"template":"","format":"standard","meta":{"ngg_post_thumbnail":0,"footnotes":""},"categories":[124],"tags":[],"class_list":["post-31783","post","type-post","status-publish","format-standard","hentry","category-saude"],"_links":{"self":[{"href":"https:\/\/antonini.com.br\/index.php?rest_route=\/wp\/v2\/posts\/31783","targetHints":{"allow":["GET"]}}],"collection":[{"href":"https:\/\/antonini.com.br\/index.php?rest_route=\/wp\/v2\/posts"}],"about":[{"href":"https:\/\/antonini.com.br\/index.php?rest_route=\/wp\/v2\/types\/post"}],"author":[{"embeddable":true,"href":"https:\/\/antonini.com.br\/index.php?rest_route=\/wp\/v2\/users\/1"}],"replies":[{"embeddable":true,"href":"https:\/\/antonini.com.br\/index.php?rest_route=%2Fwp%2Fv2%2Fcomments&post=31783"}],"version-history":[{"count":0,"href":"https:\/\/antonini.com.br\/index.php?rest_route=\/wp\/v2\/posts\/31783\/revisions"}],"wp:attachment":[{"href":"https:\/\/antonini.com.br\/index.php?rest_route=%2Fwp%2Fv2%2Fmedia&parent=31783"}],"wp:term":[{"taxonomy":"category","embeddable":true,"href":"https:\/\/antonini.com.br\/index.php?rest_route=%2Fwp%2Fv2%2Fcategories&post=31783"},{"taxonomy":"post_tag","embeddable":true,"href":"https:\/\/antonini.com.br\/index.php?rest_route=%2Fwp%2Fv2%2Ftags&post=31783"}],"curies":[{"name":"wp","href":"https:\/\/api.w.org\/{rel}","templated":true}]}}