{"id":2059,"date":"2009-03-09T00:09:40","date_gmt":"2009-03-09T00:09:40","guid":{"rendered":"http:\/\/antonini.med.br\/blog\/?p=2059"},"modified":"2022-02-15T03:29:22","modified_gmt":"2022-02-15T03:29:22","slug":"arcebispo-nao-teve-pena-da-crianca-que-interrompeu-gravidez","status":"publish","type":"post","link":"https:\/\/antonini.com.br\/?p=2059","title":{"rendered":"Arcebispo n\u00e3o teve pena da crian\u00e7a que interrompeu gravidez"},"content":{"rendered":"<p style=\"text-align: justify;\">Esse arcebisto burro e assassino, pois d\u00e1 legalidade e apoio a um crime cometido contra esta menina, devia ser processado nos termos do Estatuto da Crian\u00e7a e da Adolesc\u00eancia por maltratar crian\u00e7a e ainda, por incitar o crime, pois parece que ele ap\u00f3ia o ato do padrasto, ao excomungar todos os que apoiaram o aborto praticado, preventivamente, pelo m\u00e9dico, objetivando salvar a menina da morte, pois uma gravidez gemelar aos nove anos de idade \u00e9 uma senten\u00e7a de morte.<!--more--><span style=\"color: #035d8a; font-size: xx-small;\"><span style=\"color: #000000; font-size: x-small;\">&#8220;<\/span><\/span>Tenho pena do nosso arcebispo, que n\u00e3o conseguiu ser misericordioso com o sofrimento de uma crian\u00e7a inocente, desnutrida, franzina, em risco de vida, que sofre viol\u00eancia desde os seus seis anos&#8221;, afirmou o m\u00e9dico Rivaldo Mendes de Albuquerque sobre o arcebispo de Olinda e Recife, dom Jos\u00e9 Cardoso Sobrinho, que excomungou os envolvidos no aborto, informa Laura Capriglione, em reportagem publicada na Folha nesta sexta-feira.<\/p>\n<p style=\"text-align: justify;\">Segundo a reportagem, Albuquerque \u00e9 professor de ci\u00eancias m\u00e9dicas da Universidade Estadual de Pernambuco, cat\u00f3lico praticante e foi um dos profissionais que interromperam a gesta\u00e7\u00e3o da menina de 9 anos.<\/p>\n<p style=\"text-align: justify;\">&#8220;N\u00e3o foi Deus que proibiu a interrup\u00e7\u00e3o da gesta\u00e7\u00e3o em qualquer caso. Foram os homens da Igreja. E eles erram &#8211;j\u00e1 queimaram gente viva em pra\u00e7a p\u00fablica, n\u00e3o se esque\u00e7a&#8221;, disse o m\u00e9dico.<\/p>\n<p style=\"text-align: justify;\"><strong>Cr\u00edticas<\/strong><\/p>\n<p style=\"text-align: justify;\">Os ministro Jos\u00e9 Gomes Tempor\u00e3o (Sa\u00fade) e Carlos Minc (Meio Ambiente) criticaram nesta nesta quinta-feira (5) a excomunh\u00e3o realizada pelo arcebispo.<\/p>\n<p style=\"text-align: justify;\">&#8220;Eu acho que a posi\u00e7\u00e3o da Igreja \u00e9 extrema, radical, inadequada, me parece um contrassenso diante do que aconteceu&#8221;, disse Tempor\u00e3o ao participar de entrevista a emissoras de r\u00e1dio durante o programa &#8220;Bom Dia, Ministro&#8221; nesta quinta.<\/p>\n<p style=\"text-align: justify;\">Minc tamb\u00e9m fez cr\u00edticas. &#8220;Como cidad\u00e3o, fiquei muito revoltado com a atitude da igreja. A igreja que deveria em tese ajudar as pessoas ainda cria essa situa\u00e7\u00e3o. Voc\u00ea acaba criminalizando a vida&#8221;, disse Minc.<\/p>\n<p style=\"text-align: justify;\"><strong>Caso<\/strong><\/p>\n<p style=\"text-align: justify;\">O crime veio \u00e0 tona no \u00faltimo dia 25, ap\u00f3s um exame m\u00e9dico a que a garota foi submetida no munic\u00edpio de Pesqueira. Ela foi atendida ap\u00f3s relatar queixas de tonturas e enjoos.<\/p>\n<p style=\"text-align: justify;\">O padrasto da garota, um rapaz de 23 anos, foi preso na \u00faltima quinta, no munic\u00edpio de Alagoinha, suspeito do estupro. O suspeito mantinha rela\u00e7\u00f5es sexuais com a garota h\u00e1 cerca de tr\u00eas anos.<\/p>\n<p style=\"text-align: justify;\">O rapaz confessou o crime e, em depoimento, admitiu tamb\u00e9m ter estuprado sua outra enteada, de 14 anos de idade, portadora de defici\u00eancias f\u00edsica e mental, afirma a pol\u00edcia. A Pol\u00edcia Civil n\u00e3o revelou o nome do suspeito para que a identidade da crian\u00e7a seja preservada.<\/p>\n<p style=\"text-align: justify;\">Ouvido pela pol\u00edcia, o padrasto confirmou que come\u00e7ou a assediar as duas meninas desde que passou a morar com a fam\u00edlia, h\u00e1 tr\u00eas anos. Segundo ele, as enteadas o provocavam.<\/p>\n<p style=\"text-align: justify;\"><strong>Leia mais sobre o caso<\/strong><\/p>\n<div style=\"text-align: center;\">\n<ul style=\"text-align: justify;\">\n<li><a href=\"http:\/\/www1.folha.uol.com.br\/folha\/cotidiano\/ult95u529585.shtml\">Igreja Cat\u00f3lica protesta contra aborto de menina violentada em Alagoinha (PE)<\/a><\/li>\n<li><a href=\"http:\/\/www1.folha.uol.com.br\/folha\/cotidiano\/ult95u529301.shtml\" target=\"_blank\" rel=\"noopener noreferrer\">Menina de 9 anos estuprada interrompe gravidez de g\u00eameos em Recife (PE)<\/a><\/li>\n<\/ul>\n<p>[<a href=\"javascript:history.go(-1)\">Voltar<\/a>]<\/div>\n<p style=\"text-align: justify;\">\n","protected":false},"excerpt":{"rendered":"<p>Esse arcebisto burro e assassino, pois d\u00e1 legalidade e apoio a um crime cometido contra esta menina, devia ser processado nos termos do Estatuto da Crian\u00e7a e da Adolesc\u00eancia por maltratar crian\u00e7a e ainda, por incitar o crime, pois parece &hellip; <a href=\"https:\/\/antonini.com.br\/?p=2059\">Continue lendo <span class=\"meta-nav\">&rarr;<\/span><\/a><\/p>\n","protected":false},"author":1,"featured_media":0,"comment_status":"open","ping_status":"open","sticky":false,"template":"","format":"standard","meta":{"ngg_post_thumbnail":0,"footnotes":""},"categories":[18],"tags":[],"class_list":["post-2059","post","type-post","status-publish","format-standard","hentry","category-ginecologia"],"_links":{"self":[{"href":"https:\/\/antonini.com.br\/index.php?rest_route=\/wp\/v2\/posts\/2059","targetHints":{"allow":["GET"]}}],"collection":[{"href":"https:\/\/antonini.com.br\/index.php?rest_route=\/wp\/v2\/posts"}],"about":[{"href":"https:\/\/antonini.com.br\/index.php?rest_route=\/wp\/v2\/types\/post"}],"author":[{"embeddable":true,"href":"https:\/\/antonini.com.br\/index.php?rest_route=\/wp\/v2\/users\/1"}],"replies":[{"embeddable":true,"href":"https:\/\/antonini.com.br\/index.php?rest_route=%2Fwp%2Fv2%2Fcomments&post=2059"}],"version-history":[{"count":1,"href":"https:\/\/antonini.com.br\/index.php?rest_route=\/wp\/v2\/posts\/2059\/revisions"}],"predecessor-version":[{"id":27363,"href":"https:\/\/antonini.com.br\/index.php?rest_route=\/wp\/v2\/posts\/2059\/revisions\/27363"}],"wp:attachment":[{"href":"https:\/\/antonini.com.br\/index.php?rest_route=%2Fwp%2Fv2%2Fmedia&parent=2059"}],"wp:term":[{"taxonomy":"category","embeddable":true,"href":"https:\/\/antonini.com.br\/index.php?rest_route=%2Fwp%2Fv2%2Fcategories&post=2059"},{"taxonomy":"post_tag","embeddable":true,"href":"https:\/\/antonini.com.br\/index.php?rest_route=%2Fwp%2Fv2%2Ftags&post=2059"}],"curies":[{"name":"wp","href":"https:\/\/api.w.org\/{rel}","templated":true}]}}