{"id":1657,"date":"2009-02-16T00:40:16","date_gmt":"2009-02-16T02:40:16","guid":{"rendered":"http:\/\/antonini.med.br\/blog\/?p=1657"},"modified":"2022-02-15T03:29:38","modified_gmt":"2022-02-15T03:29:38","slug":"automedicacao","status":"publish","type":"post","link":"https:\/\/antonini.com.br\/?p=1657","title":{"rendered":"Automedica\u00e7\u00e3o"},"content":{"rendered":"<div style=\"text-align: justify;\">Tema de propriedade e solu\u00e7\u00e3o de inteira responsabilidade do Farmac\u00eautico.<!--more--><\/div>\n<div style=\"text-align: justify;\">\n<div style=\"text-align: justify;\"><img loading=\"lazy\" decoding=\"async\" class=\"alignleft size-full wp-image-17993\" alt=\"farmaceutico_automedicacao\" src=\"http:\/\/antonini.med.br\/home\/wp-content\/uploads\/2009\/02\/farmaceutico_automedicacao.jpg\" width=\"296\" height=\"353\" srcset=\"https:\/\/antonini.com.br\/wp-content\/uploads\/2009\/02\/farmaceutico_automedicacao.jpg 296w, https:\/\/antonini.com.br\/wp-content\/uploads\/2009\/02\/farmaceutico_automedicacao-251x300.jpg 251w\" sizes=\"auto, (max-width: 296px) 100vw, 296px\" \/>A automedica\u00e7\u00e3o \u00e9 uma realidade presente em nossa sociedade, que reflete o aumento do desenvolvimento humano em uma de suas faces e em outra, paradoxalmente, a crescente desigualdade social que limita o acesso ao profissional m\u00e9dico.Dessa forma, as principais organiza\u00e7\u00f5es internacionais como Organiza\u00e7\u00e3o Mundial de Sa\u00fade (1998), entendem a automedica\u00e7\u00e3o respons\u00e1vel como uma pr\u00e1tica recomenda e aponta um importante papel do farmac\u00eautico nos auto cuidados, ao destacar suas fun\u00e7\u00f5es de comunicador, dispensador qualificado de medicamentos e suas habilidades como promotor, protetor e recuperador da sa\u00fade coletiva.Do ponto de vista econ\u00f4mico os medicamentos e produtos de sa\u00fade envolvidos na automedica\u00e7\u00e3o e nos auto cuidados , de acordo com a Febrafar em 2007 responderam por 30% do total de vendas ao varejo, e com forte tend\u00eancia de aumento de participa\u00e7\u00e3o nos pr\u00f3ximos anos.<\/p>\n<p><img loading=\"lazy\" decoding=\"async\" class=\"alignright size-full wp-image-17995\" alt=\"farmaceutico_automedicacao-2\" src=\"http:\/\/antonini.med.br\/home\/wp-content\/uploads\/2009\/02\/farmaceutico_automedicacao-2.jpg\" width=\"95\" height=\"221\" \/>\u00a0Vislumbra-se nesse ambiente, o terreno prop\u00edcio para que o farmac\u00eautico encontre uma nova identidade e significado para sua pr\u00e1xis profissional e quem sabe ache a\u00ed o futuro da sua profiss\u00e3o, que seria o de prestador de servi\u00e7os especializados em automedica\u00e7\u00e3o e auto-cuidados.<\/p>\n<p>Para isso, \u00e9 necess\u00e1rio que o farmac\u00eautico e as suas entidades de classe desmitifiquem a automedica\u00e7\u00e3o \u00e0 luz do conhecimento t\u00e9cnico e cient\u00edfico enfocados no contexto s\u00f3cio-econ\u00f4mico e cultural brasileiro, assumindo uma posi\u00e7\u00e3o corajosa de responsabilidade pela automedica\u00e7\u00e3o e a propriedade de transformar um problema em solu\u00e7\u00e3o.<\/p>\n<p>Atualmente o farmac\u00eautico tem se posicionado de forma t\u00edmida sobre a mat\u00e9ria, expondo sua minoridade profissional ao permitir que outros definam estrat\u00e9gias de a\u00e7\u00e3o no que seria seu campo de atua\u00e7\u00e3o.<\/p>\n<p>A atua\u00e7\u00e3o do farmac\u00eautico em sua farm\u00e1cia na automedica\u00e7\u00e3o \u00e9 de grande import\u00e2ncia social, pois em diversas circunst\u00e2ncias ele \u00e9 o primeiro, o \u00faltimo e, em muitas vezes, o \u00fanico profissional de sa\u00fade que entra em contato com o paciente.<\/p>\n<p>Sendo, portanto, um estrat\u00e9gico agente de triagem do Sistema \u00danico de Sa\u00fade, que ir\u00e1 contribuir de forma substancial a otimiza\u00e7\u00e3o de suas a\u00e7\u00f5es e investimentos.<\/p>\n<p>Ainda de acordo com a Pesquisa Nacional por Amostras de Domic\u00edlios, financiada pelo Minist\u00e9rio da Sa\u00fade em 1998, a Farm\u00e1cia \u00e9 apontada como um dos principais servi\u00e7os utilizados pela popula\u00e7\u00e3o em caso de necessidade.<\/p>\n<p>Portanto, \u00e9 necess\u00e1rio que farmac\u00eauticos, m\u00e9dicos e autoridades sanit\u00e1rias estabele\u00e7am crit\u00e9rios de consenso para que o imperativo categ\u00f3rico da automedica\u00e7\u00e3o seja a garantia do uso seguro e racional dos medicamentos, objetivando a melhora da qualidade de vida do cidad\u00e3o. E que, por meio desse ponto de vista diferenciado e esclarecedor sobre a automedica\u00e7\u00e3o, o farmac\u00eautico como perito, construa uma realidade que seja aceita por toda a sociedade, ajudando-o a resgatar o seu t\u00e3o merecido prest\u00edgio social.<\/p>\n<p style=\"text-align: center;\">[<a href=\"javascript:history.go(-1)\">Voltar<\/a>]<\/p>\n<\/div>\n<\/div>\n","protected":false},"excerpt":{"rendered":"<p>Tema de propriedade e solu\u00e7\u00e3o de inteira responsabilidade do Farmac\u00eautico.<\/p>\n","protected":false},"author":1,"featured_media":0,"comment_status":"open","ping_status":"open","sticky":false,"template":"","format":"standard","meta":{"ngg_post_thumbnail":0,"footnotes":""},"categories":[21,27],"tags":[],"class_list":["post-1657","post","type-post","status-publish","format-standard","hentry","category-h-p","category-noticias"],"_links":{"self":[{"href":"https:\/\/antonini.com.br\/index.php?rest_route=\/wp\/v2\/posts\/1657","targetHints":{"allow":["GET"]}}],"collection":[{"href":"https:\/\/antonini.com.br\/index.php?rest_route=\/wp\/v2\/posts"}],"about":[{"href":"https:\/\/antonini.com.br\/index.php?rest_route=\/wp\/v2\/types\/post"}],"author":[{"embeddable":true,"href":"https:\/\/antonini.com.br\/index.php?rest_route=\/wp\/v2\/users\/1"}],"replies":[{"embeddable":true,"href":"https:\/\/antonini.com.br\/index.php?rest_route=%2Fwp%2Fv2%2Fcomments&post=1657"}],"version-history":[{"count":1,"href":"https:\/\/antonini.com.br\/index.php?rest_route=\/wp\/v2\/posts\/1657\/revisions"}],"predecessor-version":[{"id":28087,"href":"https:\/\/antonini.com.br\/index.php?rest_route=\/wp\/v2\/posts\/1657\/revisions\/28087"}],"wp:attachment":[{"href":"https:\/\/antonini.com.br\/index.php?rest_route=%2Fwp%2Fv2%2Fmedia&parent=1657"}],"wp:term":[{"taxonomy":"category","embeddable":true,"href":"https:\/\/antonini.com.br\/index.php?rest_route=%2Fwp%2Fv2%2Fcategories&post=1657"},{"taxonomy":"post_tag","embeddable":true,"href":"https:\/\/antonini.com.br\/index.php?rest_route=%2Fwp%2Fv2%2Ftags&post=1657"}],"curies":[{"name":"wp","href":"https:\/\/api.w.org\/{rel}","templated":true}]}}