{"id":1643,"date":"2009-02-16T00:17:09","date_gmt":"2009-02-16T02:17:09","guid":{"rendered":"http:\/\/antonini.med.br\/blog\/?p=1643"},"modified":"2022-02-15T03:29:38","modified_gmt":"2022-02-15T03:29:38","slug":"premiada-pesquisa-propoe-identificacao-digital-de-neonatos","status":"publish","type":"post","link":"https:\/\/antonini.com.br\/?p=1643","title":{"rendered":"Premiada, pesquisa prop\u00f5e identifica\u00e7\u00e3o digital de neonatos"},"content":{"rendered":"<div style=\"text-align: justify;\"><span style=\"color: #035d8a; font-size: xx-small;\"><span style=\"color: #000000; font-size: x-small;\"> <img decoding=\"async\" src=\"http:\/\/www.antonini.med.br\/imagens\/gerais\/indentificacao_de_bebes.jpg\" border=\"0\" alt=\"http:\/\/antonini.med.br\/imagens\/gerais\/indentificacao_de_bebes.jpg\" align=\"left\" \/><\/span><\/span>O professor Daniel Weingaertner, do Departamento de Inform\u00e1tica da UFPR, foi um dos cinco vencedores do &#8220;Pr\u00eamio de Incentivo em Ci\u00eancia e Tecnologia para o SUS 2008&#8221;, organizado pelo Minist\u00e9rio da Sa\u00fade.Intitulada<em><strong> &#8220;Aquisi\u00e7\u00e3o de impress\u00f5es palmares em formato digital para identifica\u00e7\u00e3o biom\u00e9trica de rec\u00e9m-nascidos&#8221;<\/strong><\/em>, a tese, premiada na categoria de doutorado, havia sido apresentada originalmente ao Programa de P\u00f3s-Gradua\u00e7\u00e3o em Sa\u00fade da Crian\u00e7a e do Adolescente da UFPR, em novembro de 2007. A premia\u00e7\u00e3o ocorreu no \u00faltimo dia 9 de dezembro, em Bras\u00edlia.<!--more--><\/p>\n<p>A pesquisa consiste no desenvolvimento de um sensor \u00f3tico para a coleta de impress\u00f5es palmares e plantares, com vistas \u00e0 cria\u00e7\u00e3o de um banco de imagens e um sistema automatizado de identifica\u00e7\u00e3o de rec\u00e9m-nascidos.<\/p>\n<p>Conforme o trabalho, o m\u00e9todo tradicional de obten\u00e7\u00e3o da impress\u00e3o, baseado na utiliza\u00e7\u00e3o de tinta e papel, \u00e9 mais propenso a erros do que o formato digital. Outra conclus\u00e3o aponta que a impress\u00e3o da palma da m\u00e3o \u00e9 de melhor qualidade para a identifica\u00e7\u00e3o do que a da planta do p\u00e9.<\/p>\n<p>&#8220;Pode-se afirmar que a atual coleta de impress\u00f5es plantares do rec\u00e9m-nascido, feita nas salas de parto de todos os hospitais brasileiros, n\u00e3o serve para sua identifica\u00e7\u00e3o&#8221;, afirma Daniel. &#8220;A coleta \u00e9 feita apenas para cumprir a legisla\u00e7\u00e3o.&#8221;<\/p>\n<p>A lei federal 8.069, em vigor desde 1990, estabelece em seu artigo 10\u00ba a identifica\u00e7\u00e3o plantar e digital dos rec\u00e9m-nascidos.<\/p><\/div>\n<p style=\"text-align: justify;\"><strong>Seq\u00fcestro e ado\u00e7\u00e3o ilegal<\/strong><\/p>\n<p style=\"text-align: justify;\">A pesquisa observa que situa\u00e7\u00f5es como o seq\u00fcestro ou a troca de beb\u00eas em maternidades, ou ainda a ado\u00e7\u00e3o ilegal provocada por m\u00e3es que d\u00e3o entrada na maternidade com documentos falsos, est\u00e3o ligadas \u00e0 dificuldade de se identificar adequadamente um rec\u00e9m-nascido.<\/p>\n<p style=\"text-align: justify;\">&#8220;Da\u00ed a import\u00e2ncia de se criar um m\u00e9todo biom\u00e9trico apropriado tanto para o controle interno da circula\u00e7\u00e3o dos rec\u00e9m-nascidos, quanto para realizar a identifica\u00e7\u00e3o ap\u00f3s a alta ou retirada destes da maternidade&#8221;, diz trecho da pesquisa.<\/p>\n<p style=\"text-align: justify;\">Os pesquisadores da UFPR desenvolveram um sensor \u00f3tico formado por uma m\u00e1quina fotogr\u00e1fica digital de oito megapixels, com uma lente supermacro capaz de fotografar objetos a tr\u00eas cent\u00edmetros da lente, acoplada a um prisma de vidro \u00f3ptico atrav\u00e9s de uma estrutura de acr\u00edlico.<\/p>\n<p style=\"text-align: justify;\">O armazenamento digital garante a manuten\u00e7\u00e3o da qualidade das impress\u00f5es com o passar do tempo, e facilita o acesso \u00e0 informa\u00e7\u00e3o e a cria\u00e7\u00e3o de bancos digitais.<\/p>\n<p style=\"text-align: justify;\">As orientadoras do trabalho foram as professoras M\u00f4nica Nunes Lima Cat, na \u00e1rea de Pediatria, e Olga Regina Pereira Bellon, na \u00e1rea de Inform\u00e1tica, ambas da UFPR.<\/p>\n<p style=\"text-align: justify;\"><strong>Sobre o pr\u00eamio<\/strong><\/p>\n<p style=\"text-align: justify;\">Criado em 2002, o pr\u00eamio &#8220;Pr\u00eamio de Incentivo em Ci\u00eancia e Tecnologia para o SUS 2008&#8221; busca valorizar as pesquisas que contribuem para o desenvolvimento das pol\u00edticas p\u00fablicas de sa\u00fade no pa\u00eds. \u00c9 composto pelas seguintes categorias: tese de doutorado, disserta\u00e7\u00e3o de mestrado, monografia de especializa\u00e7\u00e3o e trabalho publicado.<\/p>\n<p style=\"text-align: justify;\">Realizado em parceria com a ABRASCO &#8211; Associa\u00e7\u00e3o Brasileira de P\u00f3s-Gradua\u00e7\u00e3o em Sa\u00fade Coletiva, neste ano, o pr\u00eamio teve mais uma categoria institu\u00edda em comemora\u00e7\u00e3o aos 20 anos do SUS: experi\u00eancias bem-sucedidas de incorpora\u00e7\u00e3o de conhecimentos cient\u00edficos ao Sistema \u00danico de Sa\u00fade.<\/p>\n<p style=\"text-align: justify;\">O pr\u00eamio teve 432 inscritos e 30 trabalhos finalistas em cinco categorias. Em cada categoria foi premiado um trabalho e outros cinco receberam Men\u00e7\u00e3o Honrosa.<\/p>\n<p style=\"text-align: justify;\">Fernando C\u00e9sar Oliveira<\/p>\n","protected":false},"excerpt":{"rendered":"<p>O professor Daniel Weingaertner, do Departamento de Inform\u00e1tica da UFPR, foi um dos cinco vencedores do &#8220;Pr\u00eamio de Incentivo em Ci\u00eancia e Tecnologia para o SUS 2008&#8221;, organizado pelo Minist\u00e9rio da Sa\u00fade.Intitulada &#8220;Aquisi\u00e7\u00e3o de impress\u00f5es palmares em formato digital para &hellip; <a href=\"https:\/\/antonini.com.br\/?p=1643\">Continue lendo <span class=\"meta-nav\">&rarr;<\/span><\/a><\/p>\n","protected":false},"author":1,"featured_media":0,"comment_status":"open","ping_status":"open","sticky":false,"template":"","format":"standard","meta":{"ngg_post_thumbnail":0,"footnotes":""},"categories":[27],"tags":[],"class_list":["post-1643","post","type-post","status-publish","format-standard","hentry","category-noticias"],"_links":{"self":[{"href":"https:\/\/antonini.com.br\/index.php?rest_route=\/wp\/v2\/posts\/1643","targetHints":{"allow":["GET"]}}],"collection":[{"href":"https:\/\/antonini.com.br\/index.php?rest_route=\/wp\/v2\/posts"}],"about":[{"href":"https:\/\/antonini.com.br\/index.php?rest_route=\/wp\/v2\/types\/post"}],"author":[{"embeddable":true,"href":"https:\/\/antonini.com.br\/index.php?rest_route=\/wp\/v2\/users\/1"}],"replies":[{"embeddable":true,"href":"https:\/\/antonini.com.br\/index.php?rest_route=%2Fwp%2Fv2%2Fcomments&post=1643"}],"version-history":[{"count":1,"href":"https:\/\/antonini.com.br\/index.php?rest_route=\/wp\/v2\/posts\/1643\/revisions"}],"predecessor-version":[{"id":30765,"href":"https:\/\/antonini.com.br\/index.php?rest_route=\/wp\/v2\/posts\/1643\/revisions\/30765"}],"wp:attachment":[{"href":"https:\/\/antonini.com.br\/index.php?rest_route=%2Fwp%2Fv2%2Fmedia&parent=1643"}],"wp:term":[{"taxonomy":"category","embeddable":true,"href":"https:\/\/antonini.com.br\/index.php?rest_route=%2Fwp%2Fv2%2Fcategories&post=1643"},{"taxonomy":"post_tag","embeddable":true,"href":"https:\/\/antonini.com.br\/index.php?rest_route=%2Fwp%2Fv2%2Ftags&post=1643"}],"curies":[{"name":"wp","href":"https:\/\/api.w.org\/{rel}","templated":true}]}}