{"id":10284,"date":"2010-05-27T02:43:27","date_gmt":"2010-05-27T02:43:27","guid":{"rendered":"http:\/\/opatriota.org\/?p=10284"},"modified":"2022-02-15T03:26:27","modified_gmt":"2022-02-15T03:26:27","slug":"hino-nacional-do-brasil","status":"publish","type":"post","link":"https:\/\/antonini.com.br\/?p=10284","title":{"rendered":"Hino Nacional do Brasil"},"content":{"rendered":"<p style=\"text-align: justify;\"><!--more--><\/p>\n<p style=\"text-align: center;\">I<\/p>\n<p style=\"text-align: justify;\">Ouviram do Ipiranga \u00e0s margens pl\u00e1cidas<\/p>\n<p style=\"text-align: justify;\">De um Povo her\u00f3ico o brado retumbante,<\/p>\n<p style=\"text-align: justify;\">E o sol da liberdade em raios f\u00falgidos,<\/p>\n<p style=\"text-align: justify;\">Brilhou no c\u00e9u da P\u00e1tria nesse instante.<\/p>\n<p style=\"text-align: justify;\">Se o penhor dessa igualdade<\/p>\n<p style=\"text-align: justify;\">Conseguimos conquistar com bra\u00e7o forte,<\/p>\n<p style=\"text-align: justify;\">Em teu seio, \u00f3 liberdade,<\/p>\n<p style=\"text-align: justify;\">Desafia o nosso peito a pr\u00f3pria morte!<\/p>\n<p style=\"text-align: justify;\">\u00d3 P\u00e1tria amada<\/p>\n<p style=\"text-align: justify;\">Idolatrada<\/p>\n<p style=\"text-align: justify;\">Salve! Salve!<\/p>\n<p style=\"text-align: justify;\">Brasil um sonho intenso um raio v\u00edvido,<\/p>\n<p style=\"text-align: justify;\">De amor e de esperan\u00e7a \u00e0 terra desce.<\/p>\n<p style=\"text-align: justify;\">Se em teu formoso c\u00e9u risonho e l\u00edmpido<\/p>\n<p style=\"text-align: justify;\">A imagem do Cruzeiro resplandece.<\/p>\n<p style=\"text-align: justify;\">Gigante pela pr\u00f3pria natureza<\/p>\n<p style=\"text-align: justify;\">\u00c9s belo, \u00e9s forte, imp\u00e1vido colosso,<\/p>\n<p style=\"text-align: justify;\">E o teu futuro espelha essa grandeza.<\/p>\n<p style=\"text-align: justify;\">Terra adorada!<\/p>\n<p style=\"text-align: justify;\">Entre outras mil<\/p>\n<p style=\"text-align: justify;\">\u00c9s tu, Brasil,<\/p>\n<p style=\"text-align: justify;\">\u00d3 P\u00e1tria amada!<\/p>\n<p style=\"text-align: justify;\">Dos filhos desse solo \u00e9s m\u00e3e gentil<\/p>\n<p style=\"text-align: justify;\">P\u00e1tria amada Brasil!<\/p>\n<p style=\"text-align: center;\">II<\/p>\n<p style=\"text-align: justify;\">Deitado eternamente em ber\u00e7o espl\u00eandido,<\/p>\n<p style=\"text-align: justify;\">Ao som do mar e a luz do c\u00e9u profundo,<\/p>\n<p style=\"text-align: justify;\">Fulguras, \u00d3 Brasil flor\u00e3o da Am\u00e9rica,<\/p>\n<p style=\"text-align: justify;\">Iluminado ao sol do Novo Mundo!<\/p>\n<p style=\"text-align: justify;\">Do que a terra mais garrida,<\/p>\n<p style=\"text-align: justify;\">Teus risonhos lindo campos t\u00eam mais flores,<\/p>\n<p style=\"text-align: justify;\">&#8220;Nossos bosques t\u00eam mais vida&#8221;<\/p>\n<p style=\"text-align: justify;\">&#8220;Nossa vida no teu seio mais amores&#8221;<\/p>\n<p style=\"text-align: justify;\">\u00d3 P\u00e1tria amada<\/p>\n<p style=\"text-align: justify;\">Idolatrada<\/p>\n<p style=\"text-align: justify;\">Salve! Salve!<\/p>\n<p style=\"text-align: justify;\">Brasil, de amor eterno seja s\u00edmbolo<\/p>\n<p style=\"text-align: justify;\">O l\u00e1baro que ostentas estrelado,<\/p>\n<p style=\"text-align: justify;\">E diga ao verde-louro dessa fl\u00e2mula<\/p>\n<p style=\"text-align: justify;\">Paz no futuro e gl\u00f3ria no passado.<\/p>\n<p style=\"text-align: justify;\">Mas se ergues da justi\u00e7a a clava forte,<\/p>\n<p style=\"text-align: justify;\">Ver\u00e1s que um filho teu n\u00e3o foge \u00e0 luta,<\/p>\n<p style=\"text-align: justify;\">Nem teme, quem adora, a pr\u00f3pria morte<\/p>\n<p style=\"text-align: justify;\">Terra adorada,<\/p>\n<p style=\"text-align: justify;\">Entre outras mil<\/p>\n<p style=\"text-align: justify;\">\u00c9s tu Brasil, \u00f3 P\u00e1tria amada!<\/p>\n<p style=\"text-align: justify;\">Dos filhos deste solo \u00e9s m\u00e3e<\/p>\n<p style=\"text-align: justify;\">Gentil, P\u00e1tria amada, Brasil.<\/p>\n<p style=\"text-align: justify;\">Ou\u00e7a o Hino <a href=\"..\/video\/hino.mp3\">aqui<\/a><\/p>\n<p style=\"text-align: justify;\"><strong>Breve hist\u00f3rico<\/strong><\/p>\n<p style=\"text-align: justify;\">M\u00fasica de Francisco Manuel do Nascimento (1795-1865)<\/p>\n<p style=\"text-align: justify;\">Letra de Os\u00f3rio Duque Estrada (1870-1927)<\/p>\n<p style=\"text-align: justify;\">Composto em 1831, por ocasi\u00e3o da abdica\u00e7\u00e3o de D.Pedro I.<\/p>\n<p style=\"text-align: justify;\">Foi revisado em 1922 por Alberto Nepomuceno, Frederico Nascimento e<\/p>\n<p style=\"text-align: justify;\">Francisco Braga. Por essa ocasi\u00e3o fica aprovada a letra atual.<\/p>\n<p style=\"text-align: justify;\">Nova oficializa\u00e7\u00e3o em decreto-lei de 1942.<\/p>\n<p style=\"text-align: center;\">[<a href=\"javascript:history.go(-1)\">Voltar<\/a>]<\/p>\n","protected":false},"excerpt":{"rendered":"","protected":false},"author":1,"featured_media":0,"comment_status":"open","ping_status":"open","sticky":false,"template":"","format":"standard","meta":{"ngg_post_thumbnail":0,"footnotes":""},"categories":[27],"tags":[],"class_list":["post-10284","post","type-post","status-publish","format-standard","hentry","category-noticias"],"_links":{"self":[{"href":"https:\/\/antonini.com.br\/index.php?rest_route=\/wp\/v2\/posts\/10284","targetHints":{"allow":["GET"]}}],"collection":[{"href":"https:\/\/antonini.com.br\/index.php?rest_route=\/wp\/v2\/posts"}],"about":[{"href":"https:\/\/antonini.com.br\/index.php?rest_route=\/wp\/v2\/types\/post"}],"author":[{"embeddable":true,"href":"https:\/\/antonini.com.br\/index.php?rest_route=\/wp\/v2\/users\/1"}],"replies":[{"embeddable":true,"href":"https:\/\/antonini.com.br\/index.php?rest_route=%2Fwp%2Fv2%2Fcomments&post=10284"}],"version-history":[{"count":1,"href":"https:\/\/antonini.com.br\/index.php?rest_route=\/wp\/v2\/posts\/10284\/revisions"}],"predecessor-version":[{"id":25611,"href":"https:\/\/antonini.com.br\/index.php?rest_route=\/wp\/v2\/posts\/10284\/revisions\/25611"}],"wp:attachment":[{"href":"https:\/\/antonini.com.br\/index.php?rest_route=%2Fwp%2Fv2%2Fmedia&parent=10284"}],"wp:term":[{"taxonomy":"category","embeddable":true,"href":"https:\/\/antonini.com.br\/index.php?rest_route=%2Fwp%2Fv2%2Fcategories&post=10284"},{"taxonomy":"post_tag","embeddable":true,"href":"https:\/\/antonini.com.br\/index.php?rest_route=%2Fwp%2Fv2%2Ftags&post=10284"}],"curies":[{"name":"wp","href":"https:\/\/api.w.org\/{rel}","templated":true}]}}